{"id":10207,"date":"2021-11-05T15:09:12","date_gmt":"2021-11-05T22:09:12","guid":{"rendered":"http:\/\/www.tomateros.com.mx\/?p=10207"},"modified":"2021-11-05T15:09:12","modified_gmt":"2021-11-05T22:09:12","slug":"10207","status":"publish","type":"post","link":"https:\/\/web.tomateros.online\/index.php\/2021\/11\/05\/10207\/","title":{"rendered":"EDGAR ARREDONDO: EN SU MEJOR MOMENTO"},"content":{"rendered":"<p><iframe title=\"VALERIA COTA Y GABY FERN\u00c1NDEZ ANALIZAN EL REGRESO DE EDGAR ARREDONDO Tomateros de Culiac\u00e1n \ud83c\udf45\" width=\"960\" height=\"540\" src=\"https:\/\/www.youtube.com\/embed\/jl1UXasX5pE?feature=oembed\" frameborder=\"0\" allow=\"accelerometer; autoplay; clipboard-write; encrypted-media; gyroscope; picture-in-picture; web-share\" allowfullscreen><\/iframe><\/p>\n<p style=\"text-align: right;\"><em>Por:\u00a0Gaby Fern\u00e1ndez de Lara | Comunicaci\u00f3n Tomateros<\/em><\/p>\n<p>La temporada 2020-21, marc\u00f3 varios hitos hist\u00f3ricos para la carrera de \u00c9dgar Arredondo.<\/p>\n<p>El derecho, impuso marcas personales en aperturas (8), victorias (5), entradas lanzadas (48 2\/3) y ponches (30). Adem\u00e1s, por primera vez, pudo vivir un invierno de inicio a fin como guinda. De hecho, lleg\u00f3 hasta la Serie del Caribe.<\/p>\n<p>Sin embargo, \u201cEl Morro de San Pedro\u201d, sabe que todo eso ya queda atr\u00e1s y su enfoque, tiene que apuntar hacia presente y futuro. Algo interesante para un lanzador que debut\u00f3 como profesional a los quince a\u00f1os y once meses.<\/p>\n<p>\u201cHan pasado ya cerca de nueve a\u00f1os. En su momento el m\u00e1s joven. Para \u00c9dgar Arredondo en ese momento, se deslumbraba por todo. Hoy me sigue apasionado el b\u00e9isbol, pero tengo un compromiso m\u00e1s grande\u201d, expres\u00f3 en entrevista.<\/p>\n<p>\u201cSiento que todav\u00eda no estamos conformes y hay que seguir luchando\u201d, agreg\u00f3.<\/p>\n<p>Arredondo arrib\u00f3 con el equipo guinda el pasado 22 de octubre. Debi\u00f3 tomar un breve descanso, ya que la temporada de ligas menores, termin\u00f3 un poco m\u00e1s tarde de lo usual.<\/p>\n<p>La \u00faltima apertura de su campa\u00f1a veraniega, fue el 25 de septiembre y se despidi\u00f3 con cuatro episodios en blanco, se solo un hit, con una base por bolas y tres ponches.<\/p>\n<p>De momento, se pone a punto para debutar con Tomateros, algo que desde su punto de vista, podr\u00eda tomar cerca de un par de semanas. \u201cVengo a prepararme y estar listo para playoffs, porque queremos el tricampeonato\u201d, asegur\u00f3.<\/p>\n<p>Y sobre su enfoque para la Temporada 2021-22 de la Liga Arco Mexicana del Pac\u00edfico (LaMP), presentada por Caliente.mx, nos revela: \u201cno me gusta pensar en los n\u00fameros. Me gusta sentirme preparado porque, cuando al mont\u00edculo entro, mi preparaci\u00f3n es lo que siempre me respalda\u201d.<\/p>\n<blockquote class=\"twitter-tweet\" data-width=\"550\" data-dnt=\"true\">\n<p lang=\"es\" dir=\"ltr\">Arredondo ser\u00e1 nuestro p\u00edtcher abridor para el primero ante <a href=\"https:\/\/twitter.com\/AguilasDeMxli?ref_src=twsrc%5Etfw\">@aguilasdemxli<\/a> \ud83d\udc40.<\/p>\n<p>Presentado por <a href=\"https:\/\/twitter.com\/hashtag\/totalplay?src=hash&amp;ref_src=twsrc%5Etfw\">#totalplay<\/a> <a href=\"https:\/\/t.co\/X6AcnR8W69\">pic.twitter.com\/X6AcnR8W69<\/a><\/p>\n<p>&mdash; Tomateros de Culiac\u00e1n (@clubtomateros) <a href=\"https:\/\/twitter.com\/clubtomateros\/status\/1456740144753618952?ref_src=twsrc%5Etfw\">November 5, 2021<\/a><\/p><\/blockquote>\n<p><script async src=\"https:\/\/platform.twitter.com\/widgets.js\" charset=\"utf-8\"><\/script><\/p>\n","protected":false},"excerpt":{"rendered":"<p>Por:\u00a0Gaby Fern\u00e1ndez de Lara | Comunicaci\u00f3n Tomateros La temporada 2020-21, marc\u00f3 varios hitos hist\u00f3ricos para la carrera de \u00c9dgar Arredondo. El derecho, impuso marcas personales en aperturas (8), victorias (5), entradas lanzadas (48 2\/3) y ponches (30). Adem\u00e1s, por primera vez, pudo vivir un invierno de inicio a fin como guinda. De hecho, lleg\u00f3 hasta la Serie del Caribe. Sin embargo, \u201cEl Morro de San Pedro\u201d, sabe que todo eso ya queda atr\u00e1s y su enfoque, tiene que apuntar hacia presente y futuro. Algo interesante para un lanzador que debut\u00f3 como profesional a los quince a\u00f1os y once meses. \u201cHan pasado ya cerca de nueve a\u00f1os. En su momento el m\u00e1s joven. Para \u00c9dgar Arredondo en ese momento, se deslumbraba por todo. Hoy me sigue apasionado el b\u00e9isbol, pero tengo un compromiso m\u00e1s grande\u201d, expres\u00f3 en entrevista. \u201cSiento que todav\u00eda no estamos conformes y hay que seguir luchando\u201d, agreg\u00f3. Arredondo arrib\u00f3 con el equipo guinda el pasado 22 de octubre. Debi\u00f3 tomar un breve descanso, ya que la temporada de ligas menores, termin\u00f3 un poco m\u00e1s tarde de lo usual. La \u00faltima apertura de su campa\u00f1a veraniega, fue el 25 de septiembre y se despidi\u00f3 con cuatro episodios en blanco, se solo un hit, con una base por bolas y tres ponches. De momento, se pone a punto para debutar con Tomateros, algo que desde su punto de vista, podr\u00eda tomar cerca de un par de semanas. \u201cVengo a prepararme y estar listo para playoffs, porque queremos el tricampeonato\u201d, asegur\u00f3. Y sobre su enfoque para la Temporada 2021-22 de la Liga Arco Mexicana del Pac\u00edfico (LaMP), presentada por Caliente.mx, nos revela: \u201cno me gusta pensar en los n\u00fameros. Me gusta sentirme preparado porque, cuando al mont\u00edculo entro, mi preparaci\u00f3n es lo que siempre me respalda\u201d. Arredondo ser\u00e1 nuestro p\u00edtcher abridor para el primero ante @aguilasdemxli \ud83d\udc40. Presentado por #totalplay pic.twitter.com\/X6AcnR8W69 &mdash; Tomateros de Culiac\u00e1n (@clubtomateros) November 5, 2021<\/p>\n","protected":false},"author":1,"featured_media":10221,"comment_status":"closed","ping_status":"closed","sticky":false,"template":"","format":"standard","meta":{"footnotes":""},"categories":[3],"tags":[23,21,34,142,78,26,22,58],"class_list":["post-10207","post","type-post","status-publish","format-standard","has-post-thumbnail","hentry","category-noticias","tag-baseball","tag-beisbol","tag-culiacan","tag-edgar-arredondo-tomateros","tag-guindas","tag-lmp","tag-nacion-guinda","tag-tomateros-de-culiacan"],"_links":{"self":[{"href":"https:\/\/web.tomateros.online\/index.php\/wp-json\/wp\/v2\/posts\/10207","targetHints":{"allow":["GET"]}}],"collection":[{"href":"https:\/\/web.tomateros.online\/index.php\/wp-json\/wp\/v2\/posts"}],"about":[{"href":"https:\/\/web.tomateros.online\/index.php\/wp-json\/wp\/v2\/types\/post"}],"author":[{"embeddable":true,"href":"https:\/\/web.tomateros.online\/index.php\/wp-json\/wp\/v2\/users\/1"}],"replies":[{"embeddable":true,"href":"https:\/\/web.tomateros.online\/index.php\/wp-json\/wp\/v2\/comments?post=10207"}],"version-history":[{"count":0,"href":"https:\/\/web.tomateros.online\/index.php\/wp-json\/wp\/v2\/posts\/10207\/revisions"}],"wp:featuredmedia":[{"embeddable":true,"href":"https:\/\/web.tomateros.online\/index.php\/wp-json\/wp\/v2\/media\/10221"}],"wp:attachment":[{"href":"https:\/\/web.tomateros.online\/index.php\/wp-json\/wp\/v2\/media?parent=10207"}],"wp:term":[{"taxonomy":"category","embeddable":true,"href":"https:\/\/web.tomateros.online\/index.php\/wp-json\/wp\/v2\/categories?post=10207"},{"taxonomy":"post_tag","embeddable":true,"href":"https:\/\/web.tomateros.online\/index.php\/wp-json\/wp\/v2\/tags?post=10207"}],"curies":[{"name":"wp","href":"https:\/\/api.w.org\/{rel}","templated":true}]}}