{"id":11927,"date":"2022-06-20T16:42:43","date_gmt":"2022-06-20T23:42:43","guid":{"rendered":"http:\/\/www.tomateros.com.mx\/?p=11927"},"modified":"2022-06-20T16:42:43","modified_gmt":"2022-06-20T23:42:43","slug":"destaca-german-revilla-premundial-sub-23","status":"publish","type":"post","link":"https:\/\/web.tomateros.online\/index.php\/2022\/06\/20\/destaca-german-revilla-premundial-sub-23\/","title":{"rendered":"DESTACA GERM\u00c1N REVILLA EN PREMUNDIAL SUB-23"},"content":{"rendered":"<p style=\"text-align: right;\">Culiac\u00e1n, Sinaloa a 20 de junio de 2022 | Prensa Tomateros<\/p>\n<p>El receptor de Tomateros Germ\u00e1n Revilla, aport\u00f3 con el madero durante el Campeonato Panamericano de B\u00e9isbol Sub-23 2022, celebrado en Aguascalientes del 10 al 19 del presente mes.<\/p>\n<p>En dicho torneo, M\u00e9xico se llev\u00f3 la medalla de oro con marca invicta de ocho ganados sin derrota. Durante la final, efectuada este domingo, los locales vencieron 4-0 al representativo de Cuba.<\/p>\n<blockquote class=\"twitter-tweet\" data-width=\"550\" data-dnt=\"true\">\n<p lang=\"es\" dir=\"ltr\">UN GUINDA SIEMPRE ES GRANDE\ud83d\udcaa\ud83c\udffb\ud83d\udca5<\/p>\n<p>Nuestro Germ\u00e1n Revilla ha conquistado el Panamericano U23 con la Selecci\u00f3n Mexicana\u26be\ufe0f.<\/p>\n<p>Campeones de Am\u00e9rica\ud83c\udfc6\ud83c\uddf2\ud83c\uddfd<a href=\"https:\/\/twitter.com\/hashtag\/M%C3%A1sTCqueNunca?src=hash&amp;ref_src=twsrc%5Etfw\">#M\u00e1sTCqueNunca<\/a> \ud83c\udf45 <a href=\"https:\/\/t.co\/fmggrLiVtC\">pic.twitter.com\/fmggrLiVtC<\/a><\/p>\n<p>&mdash; Tomateros de Culiac\u00e1n (@clubtomateros) <a href=\"https:\/\/twitter.com\/clubtomateros\/status\/1538690965912924163?ref_src=twsrc%5Etfw\">June 20, 2022<\/a><\/p><\/blockquote>\n<p><script async src=\"https:\/\/platform.twitter.com\/widgets.js\" charset=\"utf-8\"><\/script><\/p>\n<p>Revilla fue titular en el duelo por la medalla de oro, como primera base y octavo en el orden. Con el bat, se fue de 3-1 con 2B.<\/p>\n<p>En total, particip\u00f3 en cinco de los ocho juegos, cuatro de ellos como titular. Su promedio fue .364 con 4 CI, 3 CA y OPS de .962.<\/p>\n<blockquote class=\"twitter-tweet\" data-width=\"550\" data-dnt=\"true\">\n<p lang=\"es\" dir=\"ltr\">DEBUT INOLVIDABLE <a href=\"https:\/\/twitter.com\/hashtag\/CONTODO?src=hash&amp;ref_src=twsrc%5Etfw\">#CONTODO<\/a> \ud83d\udcaa\ud83c\udffb<\/p>\n<p>Germ\u00e1n Revilla se presenta en <a href=\"https:\/\/twitter.com\/LMPBeisbol?ref_src=twsrc%5Etfw\">@LMPbeisbol<\/a> con imparable productor de 2\u20e3 carreras \ud83d\ude0e<\/p>\n<p>\u00a1Felicidades Germ\u00e1n! <a href=\"https:\/\/twitter.com\/hashtag\/PorEl12?src=hash&amp;ref_src=twsrc%5Etfw\">#PorEl12<\/a> \ud83c\udfc6 <a href=\"https:\/\/twitter.com\/hashtag\/Naci%C3%B3nGuinda?src=hash&amp;ref_src=twsrc%5Etfw\">#Naci\u00f3nGuinda<\/a> \ud83c\udf45\u26be <a href=\"https:\/\/t.co\/O8dmSAo81p\">pic.twitter.com\/O8dmSAo81p<\/a><\/p>\n<p>&mdash; Tomateros de Culiac\u00e1n (@clubtomateros) <a href=\"https:\/\/twitter.com\/clubtomateros\/status\/1190134633473724416?ref_src=twsrc%5Etfw\">November 1, 2019<\/a><\/p><\/blockquote>\n<p><script async src=\"https:\/\/platform.twitter.com\/widgets.js\" charset=\"utf-8\"><\/script><\/p>\n<p>Tras el resultado colectivo, M\u00e9xico tiene boleto asegurado en la Copa Mundial de B\u00e9isbol Sub-23. Este campeonato se llevar\u00e1 a cabo en China Taip\u00e9i, este a\u00f1o en fecha por definir.<\/p>\n","protected":false},"excerpt":{"rendered":"<p>Culiac\u00e1n, Sinaloa a 20 de junio de 2022 | Prensa Tomateros El receptor de Tomateros Germ\u00e1n Revilla, aport\u00f3 con el madero durante el Campeonato Panamericano de B\u00e9isbol Sub-23 2022, celebrado en Aguascalientes del 10 al 19 del presente mes. En dicho torneo, M\u00e9xico se llev\u00f3 la medalla de oro con marca invicta de ocho ganados sin derrota. Durante la final, efectuada este domingo, los locales vencieron 4-0 al representativo de Cuba. UN GUINDA SIEMPRE ES GRANDE\ud83d\udcaa\ud83c\udffb\ud83d\udca5 Nuestro Germ\u00e1n Revilla ha conquistado el Panamericano U23 con la Selecci\u00f3n Mexicana\u26be\ufe0f. Campeones de Am\u00e9rica\ud83c\udfc6\ud83c\uddf2\ud83c\uddfd#M\u00e1sTCqueNunca \ud83c\udf45 pic.twitter.com\/fmggrLiVtC &mdash; Tomateros de Culiac\u00e1n (@clubtomateros) June 20, 2022 Revilla fue titular en el duelo por la medalla de oro, como primera base y octavo en el orden. Con el bat, se fue de 3-1 con 2B. En total, particip\u00f3 en cinco de los ocho juegos, cuatro de ellos como titular. Su promedio fue .364 con 4 CI, 3 CA y OPS de .962. DEBUT INOLVIDABLE #CONTODO \ud83d\udcaa\ud83c\udffb Germ\u00e1n Revilla se presenta en @LMPbeisbol con imparable productor de 2\u20e3 carreras \ud83d\ude0e \u00a1Felicidades Germ\u00e1n! #PorEl12 \ud83c\udfc6 #Naci\u00f3nGuinda \ud83c\udf45\u26be pic.twitter.com\/O8dmSAo81p &mdash; Tomateros de Culiac\u00e1n (@clubtomateros) November 1, 2019 Tras el resultado colectivo, M\u00e9xico tiene boleto asegurado en la Copa Mundial de B\u00e9isbol Sub-23. Este campeonato se llevar\u00e1 a cabo en China Taip\u00e9i, este a\u00f1o en fecha por definir.<\/p>\n","protected":false},"author":1,"featured_media":11928,"comment_status":"closed","ping_status":"closed","sticky":false,"template":"","format":"standard","meta":{"footnotes":""},"categories":[3],"tags":[],"class_list":["post-11927","post","type-post","status-publish","format-standard","has-post-thumbnail","hentry","category-noticias"],"_links":{"self":[{"href":"https:\/\/web.tomateros.online\/index.php\/wp-json\/wp\/v2\/posts\/11927","targetHints":{"allow":["GET"]}}],"collection":[{"href":"https:\/\/web.tomateros.online\/index.php\/wp-json\/wp\/v2\/posts"}],"about":[{"href":"https:\/\/web.tomateros.online\/index.php\/wp-json\/wp\/v2\/types\/post"}],"author":[{"embeddable":true,"href":"https:\/\/web.tomateros.online\/index.php\/wp-json\/wp\/v2\/users\/1"}],"replies":[{"embeddable":true,"href":"https:\/\/web.tomateros.online\/index.php\/wp-json\/wp\/v2\/comments?post=11927"}],"version-history":[{"count":0,"href":"https:\/\/web.tomateros.online\/index.php\/wp-json\/wp\/v2\/posts\/11927\/revisions"}],"wp:featuredmedia":[{"embeddable":true,"href":"https:\/\/web.tomateros.online\/index.php\/wp-json\/wp\/v2\/media\/11928"}],"wp:attachment":[{"href":"https:\/\/web.tomateros.online\/index.php\/wp-json\/wp\/v2\/media?parent=11927"}],"wp:term":[{"taxonomy":"category","embeddable":true,"href":"https:\/\/web.tomateros.online\/index.php\/wp-json\/wp\/v2\/categories?post=11927"},{"taxonomy":"post_tag","embeddable":true,"href":"https:\/\/web.tomateros.online\/index.php\/wp-json\/wp\/v2\/tags?post=11927"}],"curies":[{"name":"wp","href":"https:\/\/api.w.org\/{rel}","templated":true}]}}