{"id":12427,"date":"2022-09-14T12:03:30","date_gmt":"2022-09-14T19:03:30","guid":{"rendered":"http:\/\/www.tomateros.com.mx\/?p=12427"},"modified":"2022-09-14T12:03:30","modified_gmt":"2022-09-14T19:03:30","slug":"presentara-tomateros-miercoles-nueva-linea-gorras","status":"publish","type":"post","link":"https:\/\/web.tomateros.online\/index.php\/2022\/09\/14\/presentara-tomateros-miercoles-nueva-linea-gorras\/","title":{"rendered":"PRESENTAR\u00c1 TOMATEROS EL MI\u00c9RCOLES SU NUEVA L\u00cdNEA DE GORRAS"},"content":{"rendered":"<p style=\"text-align: right;\"><strong>Culiac\u00e1n, Sinaloa a 13 de septiembre de 2022 | Prensa Tomateros<\/strong><\/p>\n<p>Tomateros, en b\u00fasqueda de estar cada vez m\u00e1s cerca de su afici\u00f3n, concreta la creaci\u00f3n de un nuevo accesorio, que vendr\u00e1 a cambiar la forma de relacionarse con la Naci\u00f3n Guinda.<\/p>\n<p>Es por eso que ante tal suceso, informamos que este mi\u00e9rcoles 14 de septiembre, presentaremos nuestra nueva l\u00ednea de gorras marca Tomateros. La cita es a las 19:30 horas en nuestro estadio, con entrada libre para toda la afici\u00f3n.<\/p>\n<p>La nueva l\u00ednea de gorras, incluye 30 diferentes dise\u00f1os que fueron trabajados con toda la intenci\u00f3n de conectar con el aficionado culichi, siempre \u00e1vido de dise\u00f1os novedosos para lucir con orgullo, su pertenencia al equipo.<\/p>\n<blockquote class=\"twitter-tweet\" data-width=\"550\" data-dnt=\"true\">\n<p lang=\"es\" dir=\"ltr\">\u00a1GRAN PRESENTACI\u00d3N GORRAS MARCA TOMATERO!\ud83c\udf45\ud83e\udd29<\/p>\n<p>Tienes una cita este 14 de septiembre en Estadio Tomateros 7:30 P.M \u23f0\ud83c\udfdf \u00a1Te esperamos! \ud83d\ude09<a href=\"https:\/\/twitter.com\/hashtag\/YaSomos10?src=hash&amp;ref_src=twsrc%5Etfw\">#YaSomos10<\/a>\ud83d\ude4c\ud83c\udffb <a href=\"https:\/\/t.co\/53Ys9jpO6B\">pic.twitter.com\/53Ys9jpO6B<\/a><\/p>\n<p>&mdash; Tomateros de Culiac\u00e1n (@clubtomateros) <a href=\"https:\/\/twitter.com\/clubtomateros\/status\/1569508683532627968?ref_src=twsrc%5Etfw\">September 13, 2022<\/a><\/p><\/blockquote>\n<p><script async src=\"https:\/\/platform.twitter.com\/widgets.js\" charset=\"utf-8\"><\/script><\/p>\n<p>Este nuevo producto, cumple con los m\u00e1s altos est\u00e1ndares de calidad, que fueron revisados de manera detallada durante todo el proceso. Adem\u00e1s, buscan ser m\u00e1s accesibles al p\u00fablico, para que puedan estar en su d\u00eda a d\u00eda con mayor constancia.<\/p>\n<p>Invitamos a todos nuestros seguidores a que asistan a la presentaci\u00f3n, en la que podr\u00e1n vivir un poco de la emoci\u00f3n que nos espera en la pr\u00f3xima temporada 2022-23 de la Liga ARCO Mexicana del Pac\u00edfico (LaMP), a 28 d\u00edas del arranque.<\/p>\n","protected":false},"excerpt":{"rendered":"<p>Culiac\u00e1n, Sinaloa a 13 de septiembre de 2022 | Prensa Tomateros Tomateros, en b\u00fasqueda de estar cada vez m\u00e1s cerca de su afici\u00f3n, concreta la creaci\u00f3n de un nuevo accesorio, que vendr\u00e1 a cambiar la forma de relacionarse con la Naci\u00f3n Guinda. Es por eso que ante tal suceso, informamos que este mi\u00e9rcoles 14 de septiembre, presentaremos nuestra nueva l\u00ednea de gorras marca Tomateros. La cita es a las 19:30 horas en nuestro estadio, con entrada libre para toda la afici\u00f3n. La nueva l\u00ednea de gorras, incluye 30 diferentes dise\u00f1os que fueron trabajados con toda la intenci\u00f3n de conectar con el aficionado culichi, siempre \u00e1vido de dise\u00f1os novedosos para lucir con orgullo, su pertenencia al equipo. \u00a1GRAN PRESENTACI\u00d3N GORRAS MARCA TOMATERO!\ud83c\udf45\ud83e\udd29 Tienes una cita este 14 de septiembre en Estadio Tomateros 7:30 P.M \u23f0\ud83c\udfdf \u00a1Te esperamos! \ud83d\ude09#YaSomos10\ud83d\ude4c\ud83c\udffb pic.twitter.com\/53Ys9jpO6B &mdash; Tomateros de Culiac\u00e1n (@clubtomateros) September 13, 2022 Este nuevo producto, cumple con los m\u00e1s altos est\u00e1ndares de calidad, que fueron revisados de manera detallada durante todo el proceso. Adem\u00e1s, buscan ser m\u00e1s accesibles al p\u00fablico, para que puedan estar en su d\u00eda a d\u00eda con mayor constancia. Invitamos a todos nuestros seguidores a que asistan a la presentaci\u00f3n, en la que podr\u00e1n vivir un poco de la emoci\u00f3n que nos espera en la pr\u00f3xima temporada 2022-23 de la Liga ARCO Mexicana del Pac\u00edfico (LaMP), a 28 d\u00edas del arranque.<\/p>\n","protected":false},"author":1,"featured_media":12428,"comment_status":"closed","ping_status":"closed","sticky":false,"template":"","format":"standard","meta":{"footnotes":""},"categories":[3],"tags":[],"class_list":["post-12427","post","type-post","status-publish","format-standard","has-post-thumbnail","hentry","category-noticias"],"_links":{"self":[{"href":"https:\/\/web.tomateros.online\/index.php\/wp-json\/wp\/v2\/posts\/12427","targetHints":{"allow":["GET"]}}],"collection":[{"href":"https:\/\/web.tomateros.online\/index.php\/wp-json\/wp\/v2\/posts"}],"about":[{"href":"https:\/\/web.tomateros.online\/index.php\/wp-json\/wp\/v2\/types\/post"}],"author":[{"embeddable":true,"href":"https:\/\/web.tomateros.online\/index.php\/wp-json\/wp\/v2\/users\/1"}],"replies":[{"embeddable":true,"href":"https:\/\/web.tomateros.online\/index.php\/wp-json\/wp\/v2\/comments?post=12427"}],"version-history":[{"count":0,"href":"https:\/\/web.tomateros.online\/index.php\/wp-json\/wp\/v2\/posts\/12427\/revisions"}],"wp:featuredmedia":[{"embeddable":true,"href":"https:\/\/web.tomateros.online\/index.php\/wp-json\/wp\/v2\/media\/12428"}],"wp:attachment":[{"href":"https:\/\/web.tomateros.online\/index.php\/wp-json\/wp\/v2\/media?parent=12427"}],"wp:term":[{"taxonomy":"category","embeddable":true,"href":"https:\/\/web.tomateros.online\/index.php\/wp-json\/wp\/v2\/categories?post=12427"},{"taxonomy":"post_tag","embeddable":true,"href":"https:\/\/web.tomateros.online\/index.php\/wp-json\/wp\/v2\/tags?post=12427"}],"curies":[{"name":"wp","href":"https:\/\/api.w.org\/{rel}","templated":true}]}}