{"id":12453,"date":"2022-09-17T09:39:25","date_gmt":"2022-09-17T16:39:25","guid":{"rendered":"http:\/\/www.tomateros.com.mx\/?p=12453"},"modified":"2022-09-17T09:39:25","modified_gmt":"2022-09-17T16:39:25","slug":"tomateros-cumple-octavo-dia-trabajo-previo","status":"publish","type":"post","link":"https:\/\/web.tomateros.online\/index.php\/2022\/09\/17\/tomateros-cumple-octavo-dia-trabajo-previo\/","title":{"rendered":"TOMATEROS CUMPLE SU OCTAVO D\u00cdA DE TRABAJO PREVIO"},"content":{"rendered":"<p style=\"text-align: right;\"><strong>Culiac\u00e1n, Sinaloa a 16 de septiembre de 2022 | Prensa Tomateros<\/strong><\/p>\n<p>El equipo guinda tuvo su segundo duelo interescuadras, en el octavo d\u00eda de actividad, dentro de la pretemporada rumbo a la campa\u00f1a 2022-23 de la Liga ARCO Mexicana del Pac\u00edfico (LaMP).<\/p>\n<p>En las instalaciones del Estadio Tomateros, los jugadores arribaron a las 9:15 de la ma\u00f1ana, para comenzar con el estiramiento. Posteriormente, trabajaron en jugadas a la defensiva en el cuadro, especialmente enfocadas a las distintas situaciones de toque de bola.<\/p>\n<blockquote class=\"twitter-tweet\" data-width=\"550\" data-dnt=\"true\">\n<p lang=\"es\" dir=\"ltr\">Octavo d\u00eda de preparaci\u00f3n rumbo a la temporada 2022-23. \ud83d\udcaa<\/p>\n<p>En esta ocasi\u00f3n, platicamos con Jemir Leal, qui\u00e9n est\u00e1 en su primera pretemporada con el conjunto guinda. \ud83d\ude4c<a href=\"https:\/\/twitter.com\/hashtag\/M%C3%A1sTCqueNunca?src=hash&amp;ref_src=twsrc%5Etfw\">#M\u00e1sTCqueNunca<\/a> \ud83c\udf45 <a href=\"https:\/\/t.co\/yMHcOw1IkW\">pic.twitter.com\/yMHcOw1IkW<\/a><\/p>\n<p>&mdash; Tomateros de Culiac\u00e1n (@clubtomateros) <a href=\"https:\/\/twitter.com\/clubtomateros\/status\/1570895664166621185?ref_src=twsrc%5Etfw\">September 16, 2022<\/a><\/p><\/blockquote>\n<p><script async src=\"https:\/\/platform.twitter.com\/widgets.js\" charset=\"utf-8\"><\/script><\/p>\n<p>La pr\u00e1ctica de bateo, tuvo instrucciones especiales para los ca\u00f1oneros, dirigidas a la ofensiva situacional. Tambi\u00e9n se trabaj\u00f3 en el corrido de base.<\/p>\n<p>Una vez culminada esta parte de las labores, comenz\u00f3 el interescuadras bajo el mismo formato del jueves. Los jugadores de ofensiva enfrentaron a los siguientes lanzadores: Omar S\u00e1inz, Gonzalo Sa\u00f1udo, Luis \u00c1ngel Verdugo, Geovanny Zamudio y Jos\u00e9 \u00c1ngel Ch\u00e1vez.<\/p>\n<p>Cabe destacar que S\u00e1inz, domin\u00f3 a cuatro de los cinco bateadores que enfrent\u00f3 y consigui\u00f3 par de ponches.<\/p>\n<p>Este s\u00e1bado 17 de septiembre, se espera que reporten dos receptores: Hansen L\u00f3pez y Carlos Mendivil.<\/p>\n<blockquote class=\"twitter-tweet\" data-width=\"550\" data-dnt=\"true\">\n<p lang=\"es\" dir=\"ltr\">Un viernes muy \ud835\uddd4\ud835\uddd6\ud835\udde7\ud835\udddc\ud835\udde9\ud835\udde2 \ud83d\udcaa\ud83c\udffb<\/p>\n<p>Pr\u00e1ctica + Duelo interescuadras = Intensidad GUINDA\ud83d\udd25.<a href=\"https:\/\/twitter.com\/hashtag\/M%C3%A1sTCqueNunca?src=hash&amp;ref_src=twsrc%5Etfw\">#M\u00e1sTCqueNunca<\/a> \ud83c\udf45 <a href=\"https:\/\/t.co\/KVPU8kb4JH\">pic.twitter.com\/KVPU8kb4JH<\/a><\/p>\n<p>&mdash; Tomateros de Culiac\u00e1n (@clubtomateros) <a href=\"https:\/\/twitter.com\/clubtomateros\/status\/1570909999081353217?ref_src=twsrc%5Etfw\">September 16, 2022<\/a><\/p><\/blockquote>\n<p><script async src=\"https:\/\/platform.twitter.com\/widgets.js\" charset=\"utf-8\"><\/script><\/p>\n<p><strong>PRIMERA PRETEMPORADA PARA LEAL<\/strong><\/p>\n<p>Jemir Leal fue tomado por el equipo en el Draft 2019 de la LaMP. Tres a\u00f1os despu\u00e9s, participa en su primer campo de entrenamientos, lo cual le llena de emoci\u00f3n: \u201cun reto la verdad. Es mi primera pretemporada aqu\u00ed con Culiac\u00e1n y muy contento de estar aqu\u00ed, por la invitaci\u00f3n, motivado\u201d, dijo en entrevista.<\/p>\n<p>El derecho de 19 a\u00f1os, quien pertenece a los Royals, quiere sacar lo mejor de esta experiencia: \u201caprovechar a los coaches, a los jugadores, a los veteranos, escuch\u00e1ndolos, estar abierto a cualquier cosa, para absorber lo mejor de cada uno de ellos\u201d, expres\u00f3.<\/p>\n","protected":false},"excerpt":{"rendered":"<p>Culiac\u00e1n, Sinaloa a 16 de septiembre de 2022 | Prensa Tomateros El equipo guinda tuvo su segundo duelo interescuadras, en el octavo d\u00eda de actividad, dentro de la pretemporada rumbo a la campa\u00f1a 2022-23 de la Liga ARCO Mexicana del Pac\u00edfico (LaMP). En las instalaciones del Estadio Tomateros, los jugadores arribaron a las 9:15 de la ma\u00f1ana, para comenzar con el estiramiento. Posteriormente, trabajaron en jugadas a la defensiva en el cuadro, especialmente enfocadas a las distintas situaciones de toque de bola. Octavo d\u00eda de preparaci\u00f3n rumbo a la temporada 2022-23. \ud83d\udcaa En esta ocasi\u00f3n, platicamos con Jemir Leal, qui\u00e9n est\u00e1 en su primera pretemporada con el conjunto guinda. \ud83d\ude4c#M\u00e1sTCqueNunca \ud83c\udf45 pic.twitter.com\/yMHcOw1IkW &mdash; Tomateros de Culiac\u00e1n (@clubtomateros) September 16, 2022 La pr\u00e1ctica de bateo, tuvo instrucciones especiales para los ca\u00f1oneros, dirigidas a la ofensiva situacional. Tambi\u00e9n se trabaj\u00f3 en el corrido de base. Una vez culminada esta parte de las labores, comenz\u00f3 el interescuadras bajo el mismo formato del jueves. Los jugadores de ofensiva enfrentaron a los siguientes lanzadores: Omar S\u00e1inz, Gonzalo Sa\u00f1udo, Luis \u00c1ngel Verdugo, Geovanny Zamudio y Jos\u00e9 \u00c1ngel Ch\u00e1vez. Cabe destacar que S\u00e1inz, domin\u00f3 a cuatro de los cinco bateadores que enfrent\u00f3 y consigui\u00f3 par de ponches. Este s\u00e1bado 17 de septiembre, se espera que reporten dos receptores: Hansen L\u00f3pez y Carlos Mendivil. Un viernes muy \ud835\uddd4\ud835\uddd6\ud835\udde7\ud835\udddc\ud835\udde9\ud835\udde2 \ud83d\udcaa\ud83c\udffb Pr\u00e1ctica + Duelo interescuadras = Intensidad GUINDA\ud83d\udd25.#M\u00e1sTCqueNunca \ud83c\udf45 pic.twitter.com\/KVPU8kb4JH &mdash; Tomateros de Culiac\u00e1n (@clubtomateros) September 16, 2022 PRIMERA PRETEMPORADA PARA LEAL Jemir Leal fue tomado por el equipo en el Draft 2019 de la LaMP. Tres a\u00f1os despu\u00e9s, participa en su primer campo de entrenamientos, lo cual le llena de emoci\u00f3n: \u201cun reto la verdad. Es mi primera pretemporada aqu\u00ed con Culiac\u00e1n y muy contento de estar aqu\u00ed, por la invitaci\u00f3n, motivado\u201d, dijo en entrevista. El derecho de 19 a\u00f1os, quien pertenece a los Royals, quiere sacar lo mejor de esta experiencia: \u201caprovechar a los coaches, a los jugadores, a los veteranos, escuch\u00e1ndolos, estar abierto a cualquier cosa, para absorber lo mejor de cada uno de ellos\u201d, expres\u00f3.<\/p>\n","protected":false},"author":1,"featured_media":12454,"comment_status":"closed","ping_status":"closed","sticky":false,"template":"","format":"standard","meta":{"footnotes":""},"categories":[3],"tags":[],"class_list":["post-12453","post","type-post","status-publish","format-standard","has-post-thumbnail","hentry","category-noticias"],"_links":{"self":[{"href":"https:\/\/web.tomateros.online\/index.php\/wp-json\/wp\/v2\/posts\/12453","targetHints":{"allow":["GET"]}}],"collection":[{"href":"https:\/\/web.tomateros.online\/index.php\/wp-json\/wp\/v2\/posts"}],"about":[{"href":"https:\/\/web.tomateros.online\/index.php\/wp-json\/wp\/v2\/types\/post"}],"author":[{"embeddable":true,"href":"https:\/\/web.tomateros.online\/index.php\/wp-json\/wp\/v2\/users\/1"}],"replies":[{"embeddable":true,"href":"https:\/\/web.tomateros.online\/index.php\/wp-json\/wp\/v2\/comments?post=12453"}],"version-history":[{"count":0,"href":"https:\/\/web.tomateros.online\/index.php\/wp-json\/wp\/v2\/posts\/12453\/revisions"}],"wp:featuredmedia":[{"embeddable":true,"href":"https:\/\/web.tomateros.online\/index.php\/wp-json\/wp\/v2\/media\/12454"}],"wp:attachment":[{"href":"https:\/\/web.tomateros.online\/index.php\/wp-json\/wp\/v2\/media?parent=12453"}],"wp:term":[{"taxonomy":"category","embeddable":true,"href":"https:\/\/web.tomateros.online\/index.php\/wp-json\/wp\/v2\/categories?post=12453"},{"taxonomy":"post_tag","embeddable":true,"href":"https:\/\/web.tomateros.online\/index.php\/wp-json\/wp\/v2\/tags?post=12453"}],"curies":[{"name":"wp","href":"https:\/\/api.w.org\/{rel}","templated":true}]}}