{"id":12502,"date":"2022-09-24T21:39:50","date_gmt":"2022-09-25T04:39:50","guid":{"rendered":"http:\/\/www.tomateros.com.mx\/?p=12502"},"modified":"2022-09-24T21:39:50","modified_gmt":"2022-09-25T04:39:50","slug":"jesus-fabela-javier-colina-ya-visten-jersey-guinda","status":"publish","type":"post","link":"https:\/\/web.tomateros.online\/index.php\/2022\/09\/24\/jesus-fabela-javier-colina-ya-visten-jersey-guinda\/","title":{"rendered":"JES\u00daS FABELA Y JAVIER COLINA YA VISTEN EL JERSEY GUINDA"},"content":{"rendered":"<p style=\"text-align: right;\"><strong>Culiac\u00e1n, Sinaloa a 24 de septiembre de 2022 | Prensa Tomateros<\/strong><\/p>\n<p>Tras conseguir victoria en el primer juego de pretemporada, los guindas tuvieron pr\u00e1ctica en La Higuerita, sede del pr\u00f3ximo encuentro de preparaci\u00f3n y casa Julio C\u00e9sar Ur\u00edas.<\/p>\n<p>Este s\u00e1bado, el equipo guinda cont\u00f3 con las incorporaciones tanto del jardinero Jes\u00fas Fabela, como del coach de bateo Javier Colina. Ambos se pusieron de inmediato a sudar el jersey, camino a la temporada 2022-23 de la Liga ARCO Mexicana del Pac\u00edfico (LaMP).<\/p>\n<blockquote class=\"twitter-tweet\" data-width=\"550\" data-dnt=\"true\">\n<p lang=\"es\" dir=\"ltr\">\ud835\udddd\ud835\uddd4\ud835\udde9\ud835\udddc\ud835\uddd8\ud835\udde5 \ud835\uddd6\ud835\udde2\ud835\udddf\ud835\udddc\ud835\udde1\ud835\uddd4 ya es GUINDA\ud83c\uddfb\ud83c\uddea <\/p>\n<p>Nuestro coach de bateo siendo <a href=\"https:\/\/twitter.com\/hashtag\/M%C3%A1sTCqueNunca?src=hash&amp;ref_src=twsrc%5Etfw\">#M\u00e1sTCqueNunca<\/a> \ud83c\udf45 <a href=\"https:\/\/t.co\/la5jYhHW4R\">pic.twitter.com\/la5jYhHW4R<\/a><\/p>\n<p>&mdash; Tomateros de Culiac\u00e1n (@clubtomateros) <a href=\"https:\/\/twitter.com\/clubtomateros\/status\/1573779464470769664?ref_src=twsrc%5Etfw\">September 24, 2022<\/a><\/p><\/blockquote>\n<p><script async src=\"https:\/\/platform.twitter.com\/widgets.js\" charset=\"utf-8\"><\/script><\/p>\n<p>La pr\u00e1ctica inici\u00f3 a las 10 AM con laboras de estiramiento. Posteriormente, se trabaj\u00f3 en defensa individual y la jornada culmin\u00f3 con bateo, en dos grupos. Cada toletero tuvo instrucciones espec\u00edficas para sus swings.<\/p>\n<p><strong>KRILIN SE REPORTA LISTO PARA LA TEMPORADA<\/strong><\/p>\n<p>Tras finalizar la postemporada anterior con .377 de OBP y promediar sobre .300 en los dos m\u00e1s recientes playoffs de manera combinada, Jes\u00fas Fabela llega con la disposici\u00f3n de poner toda su energ\u00eda al servicio del equipo.<\/p>\n<p>\u201cTrabajar duro y demostrar que estamos listos para cualquier situaci\u00f3n y que sepan que estamos con la camisa bien puesta para todas las ocasiones que se pueda estar en el terreno\u201d, expres\u00f3 Fabela tras su primer entrenamiento rumbo a la 2022-23.<\/p>\n<blockquote class=\"twitter-tweet\" data-width=\"550\" data-dnt=\"true\">\n<p lang=\"es\" dir=\"ltr\">\ud835\uddd6\ud835\uddfc\ud835\uddfb \ud835\uddf2\ud835\uddf9 \ud835\uddf0\ud835\uddfc\ud835\uddfc\ud835\uddfc\ud835\uddfc\ud835\uddf0\ud835\uddfc \ud835\uddff\ud835\uddee\ud835\uddfd\ud835\uddee\ud835\uddf1\ud835\uddfc \ud83d\udc68\ud83c\udffb\u200d\ud83e\uddb2<\/p>\n<p>Jes\u00fas Fabela ha llegado a nuestra pretemporada\ud83d\udd25.<\/p>\n<p>\ud835\udc0a\ud835\udc2b\ud835\udc22\ud835\udc25\ud835\udc25\ud835\udc22\ud835\udc27 es <a href=\"https:\/\/twitter.com\/hashtag\/M%C3%A1sTCqueNunca?src=hash&amp;ref_src=twsrc%5Etfw\">#M\u00e1sTCqueNunca<\/a> \ud83c\udf45 <a href=\"https:\/\/t.co\/OElh1AP11d\">pic.twitter.com\/OElh1AP11d<\/a><\/p>\n<p>&mdash; Tomateros de Culiac\u00e1n (@clubtomateros) <a href=\"https:\/\/twitter.com\/clubtomateros\/status\/1573714184897908738?ref_src=twsrc%5Etfw\">September 24, 2022<\/a><\/p><\/blockquote>\n<p><script async src=\"https:\/\/platform.twitter.com\/widgets.js\" charset=\"utf-8\"><\/script><\/p>\n<p>\u201cMe siento muy feliz, por tener mi cuarta temporada aqu\u00ed con Tomateros, que me brinden la oportunidad de portar este uniforme y con todas las ganas de conseguir ese triunfo (el campeonato 14)\u201d, agreg\u00f3.<\/p>\n<p>El equipo guinda jugar\u00e1 este domingo a partir de las 12 PM, contra un combinado local en el Estadio Paqu\u00edn Ur\u00edas de La Higuerita. El duelo contin\u00faa una tradici\u00f3n que inici\u00f3 hace un a\u00f1o y tiene a los guindas, present\u00e1ndose en la comunidad de un orgullo culichi, en ruta hacia el objetivo de conquistar el t\u00edtulo n\u00famero catorce.<\/p>\n","protected":false},"excerpt":{"rendered":"<p>Culiac\u00e1n, Sinaloa a 24 de septiembre de 2022 | Prensa Tomateros Tras conseguir victoria en el primer juego de pretemporada, los guindas tuvieron pr\u00e1ctica en La Higuerita, sede del pr\u00f3ximo encuentro de preparaci\u00f3n y casa Julio C\u00e9sar Ur\u00edas. Este s\u00e1bado, el equipo guinda cont\u00f3 con las incorporaciones tanto del jardinero Jes\u00fas Fabela, como del coach de bateo Javier Colina. Ambos se pusieron de inmediato a sudar el jersey, camino a la temporada 2022-23 de la Liga ARCO Mexicana del Pac\u00edfico (LaMP). \ud835\udddd\ud835\uddd4\ud835\udde9\ud835\udddc\ud835\uddd8\ud835\udde5 \ud835\uddd6\ud835\udde2\ud835\udddf\ud835\udddc\ud835\udde1\ud835\uddd4 ya es GUINDA\ud83c\uddfb\ud83c\uddea Nuestro coach de bateo siendo #M\u00e1sTCqueNunca \ud83c\udf45 pic.twitter.com\/la5jYhHW4R &mdash; Tomateros de Culiac\u00e1n (@clubtomateros) September 24, 2022 La pr\u00e1ctica inici\u00f3 a las 10 AM con laboras de estiramiento. Posteriormente, se trabaj\u00f3 en defensa individual y la jornada culmin\u00f3 con bateo, en dos grupos. Cada toletero tuvo instrucciones espec\u00edficas para sus swings. KRILIN SE REPORTA LISTO PARA LA TEMPORADA Tras finalizar la postemporada anterior con .377 de OBP y promediar sobre .300 en los dos m\u00e1s recientes playoffs de manera combinada, Jes\u00fas Fabela llega con la disposici\u00f3n de poner toda su energ\u00eda al servicio del equipo. \u201cTrabajar duro y demostrar que estamos listos para cualquier situaci\u00f3n y que sepan que estamos con la camisa bien puesta para todas las ocasiones que se pueda estar en el terreno\u201d, expres\u00f3 Fabela tras su primer entrenamiento rumbo a la 2022-23. \ud835\uddd6\ud835\uddfc\ud835\uddfb \ud835\uddf2\ud835\uddf9 \ud835\uddf0\ud835\uddfc\ud835\uddfc\ud835\uddfc\ud835\uddfc\ud835\uddf0\ud835\uddfc \ud835\uddff\ud835\uddee\ud835\uddfd\ud835\uddee\ud835\uddf1\ud835\uddfc \ud83d\udc68\ud83c\udffb\u200d\ud83e\uddb2 Jes\u00fas Fabela ha llegado a nuestra pretemporada\ud83d\udd25. \ud835\udc0a\ud835\udc2b\ud835\udc22\ud835\udc25\ud835\udc25\ud835\udc22\ud835\udc27 es #M\u00e1sTCqueNunca \ud83c\udf45 pic.twitter.com\/OElh1AP11d &mdash; Tomateros de Culiac\u00e1n (@clubtomateros) September 24, 2022 \u201cMe siento muy feliz, por tener mi cuarta temporada aqu\u00ed con Tomateros, que me brinden la oportunidad de portar este uniforme y con todas las ganas de conseguir ese triunfo (el campeonato 14)\u201d, agreg\u00f3. El equipo guinda jugar\u00e1 este domingo a partir de las 12 PM, contra un combinado local en el Estadio Paqu\u00edn Ur\u00edas de La Higuerita. El duelo contin\u00faa una tradici\u00f3n que inici\u00f3 hace un a\u00f1o y tiene a los guindas, present\u00e1ndose en la comunidad de un orgullo culichi, en ruta hacia el objetivo de conquistar el t\u00edtulo n\u00famero catorce.<\/p>\n","protected":false},"author":1,"featured_media":12503,"comment_status":"closed","ping_status":"closed","sticky":false,"template":"","format":"standard","meta":{"footnotes":""},"categories":[3],"tags":[],"class_list":["post-12502","post","type-post","status-publish","format-standard","has-post-thumbnail","hentry","category-noticias"],"_links":{"self":[{"href":"https:\/\/web.tomateros.online\/index.php\/wp-json\/wp\/v2\/posts\/12502","targetHints":{"allow":["GET"]}}],"collection":[{"href":"https:\/\/web.tomateros.online\/index.php\/wp-json\/wp\/v2\/posts"}],"about":[{"href":"https:\/\/web.tomateros.online\/index.php\/wp-json\/wp\/v2\/types\/post"}],"author":[{"embeddable":true,"href":"https:\/\/web.tomateros.online\/index.php\/wp-json\/wp\/v2\/users\/1"}],"replies":[{"embeddable":true,"href":"https:\/\/web.tomateros.online\/index.php\/wp-json\/wp\/v2\/comments?post=12502"}],"version-history":[{"count":0,"href":"https:\/\/web.tomateros.online\/index.php\/wp-json\/wp\/v2\/posts\/12502\/revisions"}],"wp:featuredmedia":[{"embeddable":true,"href":"https:\/\/web.tomateros.online\/index.php\/wp-json\/wp\/v2\/media\/12503"}],"wp:attachment":[{"href":"https:\/\/web.tomateros.online\/index.php\/wp-json\/wp\/v2\/media?parent=12502"}],"wp:term":[{"taxonomy":"category","embeddable":true,"href":"https:\/\/web.tomateros.online\/index.php\/wp-json\/wp\/v2\/categories?post=12502"},{"taxonomy":"post_tag","embeddable":true,"href":"https:\/\/web.tomateros.online\/index.php\/wp-json\/wp\/v2\/tags?post=12502"}],"curies":[{"name":"wp","href":"https:\/\/api.w.org\/{rel}","templated":true}]}}