{"id":1502,"date":"2017-01-07T00:23:13","date_gmt":"2017-01-07T00:23:13","guid":{"rendered":"http:\/\/www.tomateros.com.mx\/?p=1502"},"modified":"2017-01-07T00:23:13","modified_gmt":"2017-01-07T00:23:13","slug":"celebran-grande-dia-reyes","status":"publish","type":"post","link":"https:\/\/web.tomateros.online\/index.php\/2017\/01\/07\/celebran-grande-dia-reyes\/","title":{"rendered":"CELEBRAN EN GRANDE D\u00cdA DE REYES"},"content":{"rendered":"<p><b><span style=\"margin: 0px;color: black;font-family: 'Arial',sans-serif;font-size: 12pt\">-Gran convivio en coordinaci\u00f3n con el Ayuntamiento de Culiac\u00e1n<\/span><\/b><\/p>\n<p><b><span style=\"margin: 0px;color: black;font-family: 'Arial',sans-serif;font-size: 12pt\">\u00a0<\/span><\/b><b><span style=\"margin: 0px;color: black;font-family: 'Arial',sans-serif;font-size: 12pt\">Culiac\u00e1n, Sinaloa. Viernes 06 de enero de 2017.-<\/span><\/b><span style=\"margin: 0px;color: black;font-family: 'Arial',sans-serif;font-size: 12pt\"> Con la presencia de m\u00e1s de un centenar de ni\u00f1os y ni\u00f1as de diversas instituciones educativas y casas hogar de este municipio, este viernes el Club Tomateros, y la Presidencia Municipal de Culiac\u00e1n, encabezada por el Sr. Alcalde, Jes\u00fas Valdez Palazuelos, celebraron en grande el D\u00eda de Reyes en las instalaciones del polideportivo \u201cJuan S. Mill\u00e1n\u201d del Parque Revoluci\u00f3n en la capital del estado.<\/span><\/p>\n<p><span style=\"margin: 0px;color: black;font-family: 'Arial',sans-serif;font-size: 12pt\">Desde muy temprano se dieron cita una gran cantidad de peque\u00f1itos, ilusionados por el convivio, aumentando su alegr\u00eda a la llegada del \u201cPollo Tom\u00e1s\u201d, el animador de los Tomateros de Culiac\u00e1n, qui\u00e9n de inmediato hizo las delicias de los emocionados peque\u00f1ines.<\/span><\/p>\n<p><span style=\"margin: 0px;color: black;font-family: 'Arial',sans-serif;font-size: 12pt\">La buena m\u00fasica no pod\u00eda faltar, al tomar parte del evento la Orquesta Sinf\u00f3nica Juvenil de la sindicatura de Quil\u00e1, quienes deleitaron a los presentes con extraordinarias melod\u00edas.<\/span><\/p>\n<p><span style=\"margin: 0px;color: black;font-family: 'Arial',sans-serif;font-size: 12pt\">Se cont\u00f3 adem\u00e1s con la grata presencia de los ni\u00f1os de Casa Valentina, Ciudad de los Ni\u00f1os, Centro de Atenci\u00f3n M\u00faltiple CAM 54, jard\u00edn de ni\u00f1os \u201cLic. Benito Ju\u00e1rez\u201d, y las escuelas primarias \u201cRuperto Paliza\u201d y \u201cGral. Ram\u00f3n L\u00f3pez Velarde\u201d.<\/span><\/p>\n<p><span style=\"margin: 0px;color: black;font-family: 'Arial',sans-serif;font-size: 12pt\">El momento cumbre lleg\u00f3 cuando se parti\u00f3 la tradicional rosca de reyes, siendo un momento sumamente disfrutado por los asistentes.<\/span><\/p>\n<p><span style=\"margin: 0px;color: black;font-family: 'Arial',sans-serif;font-size: 12pt\">El Se\u00f1or Alcalde, Jes\u00fas Valdez, a qui\u00e9n la acompa\u00f1\u00f3 la presidenta del Sistema DIF Culiac\u00e1n, Mar\u00eda Elisa Palazuelos de Vald\u00e9s, as\u00ed como importantes integrantes de su gabinete, agradeci\u00f3 ampliamente a todos los patrocinadores que colaboraron para que la organizaci\u00f3n del evento fuera todo un \u00e9xito; \u201cquiero decirles que gracias a su respaldo, hoy tenemos la oportunidad de dibujar una sonrisa en todos estos ni\u00f1os que nos visitan de las diferentes casas hogares y escuelas del municipio\u201d.<\/span><\/p>\n<p><span style=\"margin: 0px;color: black;font-family: 'Arial',sans-serif;font-size: 12pt\">Por su parte, el secretario general del Sindicato de Trabajadores al Servicio del H. Ayuntamiento de Culiac\u00e1n, H\u00e9ctor David Alarid Rodr\u00edguez, reconoci\u00f3 el gesto del alcalde Jes\u00fas Vald\u00e9s al haber tomado la acertada decisi\u00f3n de tomar en cuenta a ni\u00f1os y ni\u00f1as de casas hogar, quienes en ocasiones no tienen oportunidad de disfrutar un evento tan bonito, lleno de m\u00fasica y actividades infantiles.<\/span><\/p>\n<p><span style=\"margin: 0px;color: black;font-family: 'Arial',sans-serif;font-size: 12pt\">\u00a0<\/span><span style=\"margin: 0px;color: black;font-family: 'Arial',sans-serif;font-size: 12pt\">Por su parte Jaime Cabrera Cort\u00e9s, secretario de Desarrollo Econ\u00f3mico Municipal, destac\u00f3 que este tipo de eventos representan una oportunidad para fomentar el esparcimiento y la convivencia familiar, al mismo tiempo que se estrechan relaciones con el sector privado para continuar realizando eventos de esta naturaleza.<\/span><\/p>\n<p><span style=\"margin: 0px;color: black;font-family: 'Arial',sans-serif;font-size: 12pt\">\u00a0<\/span><span style=\"margin: 0px;color: black;font-family: 'Arial',sans-serif;font-size: 12pt\">Fue as\u00ed como el Club Tomateros de Culiac\u00e1n y el Ayuntamiento de Culiac\u00e1n, celebraron en gran forma un d\u00eda muy especial para todos los ni\u00f1os de este municipio, llevando alegr\u00eda y gratos momentos a quienes m\u00e1s lo necesitan. <\/span><\/p>\n","protected":false},"excerpt":{"rendered":"<p>-Gran convivio en coordinaci\u00f3n con el Ayuntamiento de Culiac\u00e1n \u00a0Culiac\u00e1n, Sinaloa. Viernes 06 de enero de 2017.- Con la presencia de m\u00e1s de un centenar de ni\u00f1os y ni\u00f1as de diversas instituciones educativas y casas hogar de este municipio, este viernes el Club Tomateros, y la Presidencia Municipal de Culiac\u00e1n, encabezada por el Sr. Alcalde, Jes\u00fas Valdez Palazuelos, celebraron en grande el D\u00eda de Reyes en las instalaciones del polideportivo \u201cJuan S. Mill\u00e1n\u201d del Parque Revoluci\u00f3n en la capital del estado. Desde muy temprano se dieron cita una gran cantidad de peque\u00f1itos, ilusionados por el convivio, aumentando su alegr\u00eda a la llegada del \u201cPollo Tom\u00e1s\u201d, el animador de los Tomateros de Culiac\u00e1n, qui\u00e9n de inmediato hizo las delicias de los emocionados peque\u00f1ines. La buena m\u00fasica no pod\u00eda faltar, al tomar parte del evento la Orquesta Sinf\u00f3nica Juvenil de la sindicatura de Quil\u00e1, quienes deleitaron a los presentes con extraordinarias melod\u00edas. Se cont\u00f3 adem\u00e1s con la grata presencia de los ni\u00f1os de Casa Valentina, Ciudad de los Ni\u00f1os, Centro de Atenci\u00f3n M\u00faltiple CAM 54, jard\u00edn de ni\u00f1os \u201cLic. Benito Ju\u00e1rez\u201d, y las escuelas primarias \u201cRuperto Paliza\u201d y \u201cGral. Ram\u00f3n L\u00f3pez Velarde\u201d. El momento cumbre lleg\u00f3 cuando se parti\u00f3 la tradicional rosca de reyes, siendo un momento sumamente disfrutado por los asistentes. El Se\u00f1or Alcalde, Jes\u00fas Valdez, a qui\u00e9n la acompa\u00f1\u00f3 la presidenta del Sistema DIF Culiac\u00e1n, Mar\u00eda Elisa Palazuelos de Vald\u00e9s, as\u00ed como importantes integrantes de su gabinete, agradeci\u00f3 ampliamente a todos los patrocinadores que colaboraron para que la organizaci\u00f3n del evento fuera todo un \u00e9xito; \u201cquiero decirles que gracias a su respaldo, hoy tenemos la oportunidad de dibujar una sonrisa en todos estos ni\u00f1os que nos visitan de las diferentes casas hogares y escuelas del municipio\u201d. Por su parte, el secretario general del Sindicato de Trabajadores al Servicio del H. Ayuntamiento de Culiac\u00e1n, H\u00e9ctor David Alarid Rodr\u00edguez, reconoci\u00f3 el gesto del alcalde Jes\u00fas Vald\u00e9s al haber tomado la acertada decisi\u00f3n de tomar en cuenta a ni\u00f1os y ni\u00f1as de casas hogar, quienes en ocasiones no tienen oportunidad de disfrutar un evento tan bonito, lleno de m\u00fasica y actividades infantiles. \u00a0Por su parte Jaime Cabrera Cort\u00e9s, secretario de Desarrollo Econ\u00f3mico Municipal, destac\u00f3 que este tipo de eventos representan una oportunidad para fomentar el esparcimiento y la convivencia familiar, al mismo tiempo que se estrechan relaciones con el sector privado para continuar realizando eventos de esta naturaleza. \u00a0Fue as\u00ed como el Club Tomateros de Culiac\u00e1n y el Ayuntamiento de Culiac\u00e1n, celebraron en gran forma un d\u00eda muy especial para todos los ni\u00f1os de este municipio, llevando alegr\u00eda y gratos momentos a quienes m\u00e1s lo necesitan.<\/p>\n","protected":false},"author":1,"featured_media":1507,"comment_status":"closed","ping_status":"closed","sticky":false,"template":"","format":"standard","meta":{"footnotes":""},"categories":[3],"tags":[],"class_list":["post-1502","post","type-post","status-publish","format-standard","has-post-thumbnail","hentry","category-noticias"],"_links":{"self":[{"href":"https:\/\/web.tomateros.online\/index.php\/wp-json\/wp\/v2\/posts\/1502","targetHints":{"allow":["GET"]}}],"collection":[{"href":"https:\/\/web.tomateros.online\/index.php\/wp-json\/wp\/v2\/posts"}],"about":[{"href":"https:\/\/web.tomateros.online\/index.php\/wp-json\/wp\/v2\/types\/post"}],"author":[{"embeddable":true,"href":"https:\/\/web.tomateros.online\/index.php\/wp-json\/wp\/v2\/users\/1"}],"replies":[{"embeddable":true,"href":"https:\/\/web.tomateros.online\/index.php\/wp-json\/wp\/v2\/comments?post=1502"}],"version-history":[{"count":0,"href":"https:\/\/web.tomateros.online\/index.php\/wp-json\/wp\/v2\/posts\/1502\/revisions"}],"wp:featuredmedia":[{"embeddable":true,"href":"https:\/\/web.tomateros.online\/index.php\/wp-json\/wp\/v2\/media\/1507"}],"wp:attachment":[{"href":"https:\/\/web.tomateros.online\/index.php\/wp-json\/wp\/v2\/media?parent=1502"}],"wp:term":[{"taxonomy":"category","embeddable":true,"href":"https:\/\/web.tomateros.online\/index.php\/wp-json\/wp\/v2\/categories?post=1502"},{"taxonomy":"post_tag","embeddable":true,"href":"https:\/\/web.tomateros.online\/index.php\/wp-json\/wp\/v2\/tags?post=1502"}],"curies":[{"name":"wp","href":"https:\/\/api.w.org\/{rel}","templated":true}]}}