{"id":1841,"date":"2017-03-01T17:14:08","date_gmt":"2017-03-01T17:14:08","guid":{"rendered":"http:\/\/www.tomateros.com.mx\/?p=1841"},"modified":"2017-03-01T17:14:08","modified_gmt":"2017-03-01T17:14:08","slug":"siempre-jorge-vilches","status":"publish","type":"post","link":"https:\/\/web.tomateros.online\/index.php\/2017\/03\/01\/siempre-jorge-vilches\/","title":{"rendered":"HASTA SIEMPRE JORGE VILCHES"},"content":{"rendered":"<p><span lang=\"ES\"><span style=\"color: #000000;font-family: Calibri\">PALCO PREMIER <\/span><\/span><\/p>\n<p><span lang=\"ES\"><span style=\"color: #000000;font-family: Calibri\">*Adi\u00f3s al cronista deportivo Jorge Vilches<\/span><\/span><\/p>\n<p><span lang=\"ES\"><span style=\"color: #000000;font-family: Calibri\">*Primeros pasos para la temporada 2017-2018<\/span><\/span><\/p>\n<p><span lang=\"ES\"><span style=\"color: #000000;font-family: Calibri\">*En puerta, el cl\u00e1sico mundial de b\u00e9isbol<\/span><\/span><\/p>\n<p><span lang=\"ES\"><span style=\"color: #000000;font-family: Calibri\">Jorge Luis Telles<\/span><\/span><\/p>\n<p><span lang=\"ES\"><span style=\"color: #000000;font-family: Calibri\">La directiva del club de b\u00e9isbol Tomateros de Culiac\u00e1n confirm\u00f3, el martes pasado, el deceso del cronista deportivo Jorge Vilches, quien se hab\u00eda convertido en la voz oficial del equipo guinda a partir de finales de la d\u00e9cada de los noventas y hasta la temporada 2015-2016 de la Liga Mexicana del Pac\u00edfico. Para esta \u00faltima edici\u00f3n, Vilches ya no pudo estar presente, agobiado por su enfermedad cr\u00f3nico degenerativa, que hab\u00eda lastimado sensiblemente su estado de salud.<\/span><\/span><\/p>\n<p><span lang=\"ES\"><span style=\"color: #000000;font-family: Calibri\">Apenas meses atr\u00e1s, v\u00edctima del mismo mal, hab\u00eda muerto Gonzalo Camarillo, tambi\u00e9n cronista deportivo, aunque m\u00e1s orientado a la prensa escrita. Con Gonzalo me uni\u00f3 una fraternal amistad, a pesar de la distancia. Ambos iniciamos carrera en 1972 y por un buen tiempo laboramos para Organizaci\u00f3n Editorial Mexicana. El, en el diario Esto; quien escribe esta columna, en El Sol de Sinaloa, aqu\u00ed en Culiac\u00e1n.<\/span><\/span><\/p>\n<p><span lang=\"ES\"><span style=\"color: #000000;font-family: Calibri\">Las dos, hay que decirlo, bajas muy sensibles para el periodismo deportivo nacional. Eran buenos en su especialidad. Camarillo, muy bueno en el impreso. Escrib\u00eda y escrib\u00eda sin parar: lo mismo la rese\u00f1a del partido, que la nota previa, la entrevista de vestidor y las notas acumuladas durante el d\u00eda. <\/span><\/span><\/p>\n<p><span lang=\"ES\"><span style=\"color: #000000;font-family: Calibri\">Aqu\u00ed trabaj\u00f3 en Culiac\u00e1n. Como director de El Sol de Sinaloa lo solicit\u00e9 de refuerzo para la cobertura de la Serie del Caribe Culiac\u00e1n 2001 y don Mario V\u00e1zquez Ra\u00f1a me lo envi\u00f3 para toda la temporada. Fue un privilegio ser su compa\u00f1ero.<\/span><\/span><\/p>\n<p><span lang=\"ES\"><span style=\"color: #000000;font-family: Calibri\">A Vilches lo trat\u00e9 poco en realidad.<\/span><\/span><\/p>\n<p><span lang=\"ES\"><span style=\"color: #000000;font-family: Calibri\">Jorge lleg\u00f3 a Culiac\u00e1n a fines de los noventas, como resultado de los convenios de trabajo entre Saraperos de Saltillo y Tomateros de Culiac\u00e1n, cuando la franquicia sarapera tambi\u00e9n era propiedad de la familia Ley en sociedad con algunos empresarios del estado de Coahuila. Arrib\u00f3 a nuestra ciudad, cuando comenzaba a declinar la estrella de don Agust\u00edn D. Valdez, de tal modo que sus condiciones de salud ya limitaban mucho su labor tras los micr\u00f3fonos.<\/span><\/span><\/p>\n<p><span lang=\"ES\"><span style=\"color: #000000;font-family: Calibri\">Para Vilches no fue f\u00e1cil penetrar en el \u00e1nimo de una fanaticada beisbolera muy acostumbrada al estilo \u00fanico, incomparable de don Agust\u00edn, qui\u00e9n \u2013 poseedor de una voz excepcional &#8211; lleg\u00f3 a ser el mejor de la radio a nivel nacional. Vilches tambi\u00e9n ten\u00eda lo suyo; pero la gente no le perdonaba que ocupase el lugar del padre de mi amigo Mike Mata.<\/span><\/span><\/p>\n<p><span lang=\"ES\"><span style=\"color: #000000;font-family: Calibri\">Quiz\u00e1s por eso, por mi cercan\u00eda con don Agust\u00edn y su familia, tambi\u00e9n hubo resistencia a entablar una amistad m\u00e1s abierta con Jorge Vilches, la cual se dio a final de cuentas, por mi relaci\u00f3n profesional con Tomateros y mi acendrada afici\u00f3n por el b\u00e9isbol.<\/span><\/span><\/p>\n<p><span lang=\"ES\"><span style=\"color: #000000;font-family: Calibri\">Incluso ya se hab\u00eda hecho costumbre un convivio anual en mi casa aqu\u00ed en Culiac\u00e1n, al t\u00e9rmino de cada temporada beisbolera, entre los cronistas de radio y televisi\u00f3n. La organizaban V\u00edctor Coronel y Edgard Maldonado y acud\u00eda todo el staff, encabezado por Vilches. Esta reuni\u00f3n se repiti\u00f3 ahora en febrero, un d\u00eda despu\u00e9s de concluida la Serie del Caribe y Enrique Kerlegand nos honr\u00f3 con su asistencia. Vilches, por supuesto, fue el ausente.<\/span><\/span><\/p>\n<p><span lang=\"ES\"><span style=\"color: #000000;font-family: Calibri\">Para entonces Jorge Vilches sufr\u00eda ya los estragos de su enfermedad, situaci\u00f3n que le impidi\u00f3 venir a la Serie del Caribe Culiac\u00e1n-2017, contra sus deseos.<\/span><\/span><\/p>\n<p><span lang=\"ES\"><span style=\"color: #000000;font-family: Calibri\">Luch\u00f3 y luch\u00f3; pero perdi\u00f3 la batalla inexorablemente.<\/span><\/span><\/p>\n<p><span lang=\"ES\"><span style=\"color: #000000;font-family: Calibri\">Descanse en paz.<\/span><\/span><\/p>\n<p><span lang=\"ES\"><span style=\"color: #000000;font-family: Calibri\">Y bueno.<\/span><\/span><\/p>\n<p><span lang=\"ES\"><span style=\"color: #000000;font-family: Calibri\">Al interior de la organizaci\u00f3n guinda se advierten ya los primeros trabajos de cara a su participaci\u00f3n en la pr\u00f3xima temporada de la Liga Mexicana del Pac\u00edfico, la cual arrancar\u00e1 el 10 de octubre venidero. <\/span><\/span><\/p>\n<p><span lang=\"ES\"><span style=\"color: #000000;font-family: Calibri\">Ahora, Tomateros iniciar\u00e1 en casa, por cierto. Posiblemente frente a los Charros de Jalisco, como en la campa\u00f1a anterior.<\/span><\/span><\/p>\n<p><span lang=\"ES\"><span style=\"color: #000000;font-family: Calibri\">Para esto, la directiva del club busca un gerente deportivo id\u00f3neo, que cubra la vacante dejada por Ray Padilla. La idea es contar con un elemento con s\u00f3lida experiencia, capacidad de trabajo y excelentes relaciones en el medio.<\/span><\/span><\/p>\n<p><span lang=\"ES\"><span style=\"color: #000000;font-family: Calibri\">Ya hay algunos prospectos. Se anunciar\u00e1 en su momento.<\/span><\/span><\/p>\n<p><span lang=\"ES\"><span style=\"color: #000000;font-family: Calibri\">Una vez cubierto este primer paso, se proceder\u00e1 a la realizaci\u00f3n de un an\u00e1lisis a fondo de la estructura del equipo: identificar fortalezas y debilidades; ubicar problemas por adelantado y buscar su soluci\u00f3n. No es f\u00e1cil cuando el elemento humano \u2013como en un equipo de b\u00e9isbol- desempe\u00f1a un papel fundamental; pero hay camino para ello.<\/span><\/span><\/p>\n<p><span lang=\"ES\"><span style=\"color: #000000;font-family: Calibri\">La premisa es clara: mantener a Tomateros no solo como un equipo altamente competitivo, sino como serio protagonista y firme candidato al t\u00edtulo.<\/span><\/span><\/p>\n<p><span lang=\"ES\"><span style=\"color: #000000;font-family: Calibri\">Espere noticias.<\/span><\/span><\/p>\n<p><span lang=\"ES\"><span style=\"color: #000000;font-family: Calibri\">Mientras.<\/span><\/span><\/p>\n<p><span lang=\"ES\"><span style=\"color: #000000;font-family: Calibri\">La fecha est\u00e1 a la vuelta de la esquina: del 09 al 12 de marzo, la primera etapa del cl\u00e1sico mundial de b\u00e9isbol, en lo que a M\u00e9xico corresponde.<\/span><\/span><\/p>\n<p><span lang=\"ES\"><span style=\"color: #000000;font-family: Calibri\">El equipo nacional, como usted lo sabe, jugar\u00e1 en el estadio Panamericano de la ciudad de Guadalajara y se enfrentar\u00e1 a Italia, Puerto Rico y Venezuela, incrustados dentro del llamado grupo \u201cD\u201d.<\/span><\/span><\/p>\n<p><span lang=\"ES\"><span style=\"color: #000000;font-family: Calibri\">Al mismo tiempo, habr\u00e1 actividad en el grupo \u201cC\u201d, con la participaci\u00f3n de Canad\u00e1, Colombia, Rep\u00fablica Dominicana y Estados Unidos. La sede ser\u00e1 Miami, Florida.<\/span><\/span><\/p>\n<p><span lang=\"ES\"><span style=\"color: #000000;font-family: Calibri\">Los ocupantes del primero y segundo lugar de cada bloque, formar\u00e1n el grupo \u201cF\u201d, que se jugar\u00e1 en el Petco Park de la ciudad de San Diego, a partir del 14 y hasta el 18 de este mes de marzo que ya est\u00e1 entre nosotros.<\/span><\/span><\/p>\n<p><span lang=\"ES\"><span style=\"color: #000000;font-family: Calibri\">Suerte para los nuestros.<\/span><\/span><\/p>\n<p><span lang=\"ES\"><span style=\"color: #000000;font-family: Calibri\">Tienen para avanzar a la siguiente ronda. Ojal\u00e1.<\/span><\/span><\/p>\n<p><span lang=\"ES\"><span style=\"color: #000000;font-family: Calibri\">Y con esto, nos despedimos de ustedes con nuestros deseos de siempre: que Dios los bendiga.<\/span><\/span><\/p>\n","protected":false},"excerpt":{"rendered":"<p>PALCO PREMIER *Adi\u00f3s al cronista deportivo Jorge Vilches *Primeros pasos para la temporada 2017-2018 *En puerta, el cl\u00e1sico mundial de b\u00e9isbol Jorge Luis Telles La directiva del club de b\u00e9isbol Tomateros de Culiac\u00e1n confirm\u00f3, el martes pasado, el deceso del cronista deportivo Jorge Vilches, quien se hab\u00eda convertido en la voz oficial del equipo guinda a partir de finales de la d\u00e9cada de los noventas y hasta la temporada 2015-2016 de la Liga Mexicana del Pac\u00edfico. Para esta \u00faltima edici\u00f3n, Vilches ya no pudo estar presente, agobiado por su enfermedad cr\u00f3nico degenerativa, que hab\u00eda lastimado sensiblemente su estado de salud. Apenas meses atr\u00e1s, v\u00edctima del mismo mal, hab\u00eda muerto Gonzalo Camarillo, tambi\u00e9n cronista deportivo, aunque m\u00e1s orientado a la prensa escrita. Con Gonzalo me uni\u00f3 una fraternal amistad, a pesar de la distancia. Ambos iniciamos carrera en 1972 y por un buen tiempo laboramos para Organizaci\u00f3n Editorial Mexicana. El, en el diario Esto; quien escribe esta columna, en El Sol de Sinaloa, aqu\u00ed en Culiac\u00e1n. Las dos, hay que decirlo, bajas muy sensibles para el periodismo deportivo nacional. Eran buenos en su especialidad. Camarillo, muy bueno en el impreso. Escrib\u00eda y escrib\u00eda sin parar: lo mismo la rese\u00f1a del partido, que la nota previa, la entrevista de vestidor y las notas acumuladas durante el d\u00eda. Aqu\u00ed trabaj\u00f3 en Culiac\u00e1n. Como director de El Sol de Sinaloa lo solicit\u00e9 de refuerzo para la cobertura de la Serie del Caribe Culiac\u00e1n 2001 y don Mario V\u00e1zquez Ra\u00f1a me lo envi\u00f3 para toda la temporada. Fue un privilegio ser su compa\u00f1ero. A Vilches lo trat\u00e9 poco en realidad. Jorge lleg\u00f3 a Culiac\u00e1n a fines de los noventas, como resultado de los convenios de trabajo entre Saraperos de Saltillo y Tomateros de Culiac\u00e1n, cuando la franquicia sarapera tambi\u00e9n era propiedad de la familia Ley en sociedad con algunos empresarios del estado de Coahuila. Arrib\u00f3 a nuestra ciudad, cuando comenzaba a declinar la estrella de don Agust\u00edn D. Valdez, de tal modo que sus condiciones de salud ya limitaban mucho su labor tras los micr\u00f3fonos. Para Vilches no fue f\u00e1cil penetrar en el \u00e1nimo de una fanaticada beisbolera muy acostumbrada al estilo \u00fanico, incomparable de don Agust\u00edn, qui\u00e9n \u2013 poseedor de una voz excepcional &#8211; lleg\u00f3 a ser el mejor de la radio a nivel nacional. Vilches tambi\u00e9n ten\u00eda lo suyo; pero la gente no le perdonaba que ocupase el lugar del padre de mi amigo Mike Mata. Quiz\u00e1s por eso, por mi cercan\u00eda con don Agust\u00edn y su familia, tambi\u00e9n hubo resistencia a entablar una amistad m\u00e1s abierta con Jorge Vilches, la cual se dio a final de cuentas, por mi relaci\u00f3n profesional con Tomateros y mi acendrada afici\u00f3n por el b\u00e9isbol. Incluso ya se hab\u00eda hecho costumbre un convivio anual en mi casa aqu\u00ed en Culiac\u00e1n, al t\u00e9rmino de cada temporada beisbolera, entre los cronistas de radio y televisi\u00f3n. La organizaban V\u00edctor Coronel y Edgard Maldonado y acud\u00eda todo el staff, encabezado por Vilches. Esta reuni\u00f3n se repiti\u00f3 ahora en febrero, un d\u00eda despu\u00e9s de concluida la Serie del Caribe y Enrique Kerlegand nos honr\u00f3 con su asistencia. Vilches, por supuesto, fue el ausente. Para entonces Jorge Vilches sufr\u00eda ya los estragos de su enfermedad, situaci\u00f3n que le impidi\u00f3 venir a la Serie del Caribe Culiac\u00e1n-2017, contra sus deseos. Luch\u00f3 y luch\u00f3; pero perdi\u00f3 la batalla inexorablemente. Descanse en paz. Y bueno. Al interior de la organizaci\u00f3n guinda se advierten ya los primeros trabajos de cara a su participaci\u00f3n en la pr\u00f3xima temporada de la Liga Mexicana del Pac\u00edfico, la cual arrancar\u00e1 el 10 de octubre venidero. Ahora, Tomateros iniciar\u00e1 en casa, por cierto. Posiblemente frente a los Charros de Jalisco, como en la campa\u00f1a anterior. Para esto, la directiva del club busca un gerente deportivo id\u00f3neo, que cubra la vacante dejada por Ray Padilla. La idea es contar con un elemento con s\u00f3lida experiencia, capacidad de trabajo y excelentes relaciones en el medio. Ya hay algunos prospectos. Se anunciar\u00e1 en su momento. Una vez cubierto este primer paso, se proceder\u00e1 a la realizaci\u00f3n de un an\u00e1lisis a fondo de la estructura del equipo: identificar fortalezas y debilidades; ubicar problemas por adelantado y buscar su soluci\u00f3n. No es f\u00e1cil cuando el elemento humano \u2013como en un equipo de b\u00e9isbol- desempe\u00f1a un papel fundamental; pero hay camino para ello. La premisa es clara: mantener a Tomateros no solo como un equipo altamente competitivo, sino como serio protagonista y firme candidato al t\u00edtulo. Espere noticias. Mientras. La fecha est\u00e1 a la vuelta de la esquina: del 09 al 12 de marzo, la primera etapa del cl\u00e1sico mundial de b\u00e9isbol, en lo que a M\u00e9xico corresponde. El equipo nacional, como usted lo sabe, jugar\u00e1 en el estadio Panamericano de la ciudad de Guadalajara y se enfrentar\u00e1 a Italia, Puerto Rico y Venezuela, incrustados dentro del llamado grupo \u201cD\u201d. Al mismo tiempo, habr\u00e1 actividad en el grupo \u201cC\u201d, con la participaci\u00f3n de Canad\u00e1, Colombia, Rep\u00fablica Dominicana y Estados Unidos. La sede ser\u00e1 Miami, Florida. Los ocupantes del primero y segundo lugar de cada bloque, formar\u00e1n el grupo \u201cF\u201d, que se jugar\u00e1 en el Petco Park de la ciudad de San Diego, a partir del 14 y hasta el 18 de este mes de marzo que ya est\u00e1 entre nosotros. Suerte para los nuestros. Tienen para avanzar a la siguiente ronda. Ojal\u00e1. Y con esto, nos despedimos de ustedes con nuestros deseos de siempre: que Dios los bendiga.<\/p>\n","protected":false},"author":1,"featured_media":1842,"comment_status":"closed","ping_status":"closed","sticky":false,"template":"","format":"standard","meta":{"footnotes":""},"categories":[5,3],"tags":[],"class_list":["post-1841","post","type-post","status-publish","format-standard","has-post-thumbnail","hentry","category-columnista-jorge-luis-tellez","category-noticias"],"_links":{"self":[{"href":"https:\/\/web.tomateros.online\/index.php\/wp-json\/wp\/v2\/posts\/1841","targetHints":{"allow":["GET"]}}],"collection":[{"href":"https:\/\/web.tomateros.online\/index.php\/wp-json\/wp\/v2\/posts"}],"about":[{"href":"https:\/\/web.tomateros.online\/index.php\/wp-json\/wp\/v2\/types\/post"}],"author":[{"embeddable":true,"href":"https:\/\/web.tomateros.online\/index.php\/wp-json\/wp\/v2\/users\/1"}],"replies":[{"embeddable":true,"href":"https:\/\/web.tomateros.online\/index.php\/wp-json\/wp\/v2\/comments?post=1841"}],"version-history":[{"count":0,"href":"https:\/\/web.tomateros.online\/index.php\/wp-json\/wp\/v2\/posts\/1841\/revisions"}],"wp:featuredmedia":[{"embeddable":true,"href":"https:\/\/web.tomateros.online\/index.php\/wp-json\/wp\/v2\/media\/1842"}],"wp:attachment":[{"href":"https:\/\/web.tomateros.online\/index.php\/wp-json\/wp\/v2\/media?parent=1841"}],"wp:term":[{"taxonomy":"category","embeddable":true,"href":"https:\/\/web.tomateros.online\/index.php\/wp-json\/wp\/v2\/categories?post=1841"},{"taxonomy":"post_tag","embeddable":true,"href":"https:\/\/web.tomateros.online\/index.php\/wp-json\/wp\/v2\/tags?post=1841"}],"curies":[{"name":"wp","href":"https:\/\/api.w.org\/{rel}","templated":true}]}}