{"id":2405,"date":"2017-04-24T23:02:59","date_gmt":"2017-04-24T23:02:59","guid":{"rendered":"http:\/\/www.tomateros.com.mx\/?p=2405"},"modified":"2017-04-24T23:02:59","modified_gmt":"2017-04-24T23:02:59","slug":"presentan-al-matador","status":"publish","type":"post","link":"https:\/\/web.tomateros.online\/index.php\/2017\/04\/24\/presentan-al-matador\/","title":{"rendered":"REGRESA EL MATADOR"},"content":{"rendered":"<p>[youtube]https:\/\/www.youtube.com\/watch?v=QmrRT_HGphI[\/youtube]<\/p>\n<p><span style=\"margin: 0px; line-height: 115%; font-family: 'Arial',sans-serif; font-size: 12pt;\"><span style=\"color: #000000;\"><strong>Culiac\u00e1n, Sinaloa. Lunes 24 de abril de 2017.-<\/strong> El \u00abMatador\u00bb est\u00e1 de regreso, Benjam\u00edn Gil fue presentado este d\u00eda oficialmente como manager de los Tomateros de Culiac\u00e1n, rumbo a la Temporada 2017-2018 de la Liga Mexicana del Pac\u00edfico.<\/span><\/span><\/p>\n<p><span style=\"margin: 0px; line-height: 115%; font-family: 'Arial',sans-serif; font-size: 12pt;\"><span style=\"color: #000000;\">Gil lleg\u00f3 poco antes de las 8:30 horas a la cita,\u00a0de inicio,\u00a0sostuvo una reuni\u00f3n privada con la directiva guinda, encabezada por el Presidente del Consejo de Administraci\u00f3n, el se\u00f1or Marcos Ley L\u00f3pez, el Presidente Ejecutivo, el se\u00f1or H\u00e9ctor Ley L\u00f3pez, los Consejeros, Don Diego Ley L\u00f3pez y H\u00e9ctor Ley Pineda, as\u00ed como\u00a0los\u00a0Se\u00f1ores Jaime Blancarte y Mario Valdez, Asesor y Gerente Deportivo respectivamente.<\/span><\/span><\/p>\n<p><span style=\"margin: 0px; line-height: 115%; font-family: 'Arial',sans-serif; font-size: 12pt;\"><span style=\"color: #000000;\">Apenas hizo su aparici\u00f3n en uno de los salones privados del restaurante donde se llev\u00f3 a cabo la presentaci\u00f3n y los flashes de las c\u00e1maras aparecieron por todos lados.<\/span><\/span><\/p>\n<p><span style=\"margin: 0px; line-height: 115%; font-family: 'Arial',sans-serif; font-size: 12pt;\"><span style=\"color: #000000;\">Es la segunda ocasi\u00f3n en la que Gil dirigir\u00e1 a los guindas, quedando su primera etapa marcada por el campeonato obtenido en la campa\u00f1a 2014-2015, en la que se rompi\u00f3 una sequ\u00eda de 11 a\u00f1os sin t\u00edtulos para los Tomateros.<\/span><\/span><\/p>\n<p><span style=\"margin: 0px; line-height: 115%; font-family: 'Arial',sans-serif; font-size: 12pt;\"><span style=\"color: #000000;\">\u201cEs dif\u00edcil describir en palabras la emoci\u00f3n y el gusto que es para mi volver a Culiac\u00e1n, como lo dijo don H\u00e9ctor, esta es mi segunda casa, es la ciudad con la que m\u00e1s me identifico. La gente, el ambiente, es como estar en casa; me entusiasma poder intentar traer m\u00e1s campeonatos, espero que sea una estancia larga, estoy demasiado emocionado de volver a ponerme la camisa guinda\u00bb, declar\u00f3 el cinco veces campe\u00f3n con los guindas.<\/span><\/span><\/p>\n<p><span style=\"margin: 0px; line-height: 115%; font-family: 'Arial',sans-serif; font-size: 12pt;\"><span style=\"color: #000000;\">Por su parte, el se\u00f1or H\u00e9ctor Ley L\u00f3pez, estuvo muy entusiasmado durante la presentaci\u00f3n y fue el encargado de presentar oficialmente a Benjam\u00edn como manager de Culiac\u00e1n, adem\u00e1s, le hizo entrega de su jersey y gorra del equipo.<\/span><\/span><\/p>\n<p><span style=\"margin: 0px; line-height: 115%; font-family: 'Arial',sans-serif; font-size: 12pt;\"><span style=\"color: #000000;\">\u201cMe da gusto presentar a Benjam\u00edn Gil como manager, esperemos que sea por muchas temporadas. \u00c9l es un hijo adoptivo de Culiac\u00e1n, aunque naci\u00f3 en Tijuana es uno m\u00e1s de esta ciudad, queremos desearle mucho \u00e9xito\u00bb, expres\u00f3 el Presidente Ejecutivo de los Tomateros.<\/span><\/span><\/p>\n<p><span style=\"margin: 0px; line-height: 115%; font-family: 'Arial',sans-serif; font-size: 12pt;\"><span style=\"color: #000000;\">El Asesor Deportivo del Club, Jaime Blancarte Pimentel, se mostr\u00f3 contento por el hecho de tener a Mario Valdez y Benjam\u00edn Gil juntos, ya que ellos junto con otro grupo de jugadores tuvieron una etapa gloriosa con el equipo guinda.<\/span><\/span><\/p>\n<p><span style=\"margin: 0px; line-height: 115%; font-family: 'Arial',sans-serif; font-size: 12pt;\"><span style=\"color: #000000;\">\u00abSolamente respaldar las palabras de don H\u00e9ctor Ley L\u00f3pez, darle la bienvenida a Benjam\u00edn Gil. Como muchos recordar\u00e1n, \u00e9l junto con Mario Valdez y muchos otros jugadores, formaron una gran generaci\u00f3n por la \u00e9poca de los 90&#8217;s. Nos da mucho gusto tenerlo de vuelta, con mayores br\u00edos y retos en esta franquicia\u00bb, declar\u00f3.<\/span><\/span><\/p>\n<p><span style=\"margin: 0px; line-height: 115%; font-family: 'Arial',sans-serif; font-size: 12pt;\"><span style=\"color: #000000;\">Por \u00faltimo, Mario Valdez se expres\u00f3 a cerca de la llegada de su ex compa\u00f1ero de equipo, con el que ha logrado conquistar cinco campeonatos.<\/span><\/span><\/p>\n<p><span style=\"margin: 0px; line-height: 115%; font-family: 'Arial',sans-serif; font-size: 12pt;\"><span style=\"color: #000000;\">\u00abBienvenido Benjam\u00edn, para m\u00ed es una satisfacci\u00f3n reencontrarme contigo en este nuevo proyecto, muchos sabemos que eres una persona con mucho conocimiento del b\u00e9isbol, siempre estudiando los peque\u00f1os detalles. Me consta el l\u00edder que eres, lo viv\u00ed como compa\u00f1ero tuyo y esperemos salga todo bien\u00bb, concluy\u00f3 el Gerente Deportivo.<\/span><\/span><\/p>\n<p><span style=\"margin: 0px; line-height: 115%; font-family: 'Arial',sans-serif; font-size: 12pt;\"><span style=\"color: #000000;\">Gil\u00a0continu\u00f3 sus actividades con\u00a0par de reuniones de trabajo por la tarde de este d\u00eda con la directiva del Club Guinda, continuando con el proceso de integraci\u00f3n del equipo para la pr\u00f3xima campa\u00f1a de la LMP.<\/span><\/span><\/p>\n<p>&nbsp;<\/p>\n","protected":false},"excerpt":{"rendered":"<p>[youtube]https:\/\/www.youtube.com\/watch?v=QmrRT_HGphI[\/youtube] Culiac\u00e1n, Sinaloa. Lunes 24 de abril de 2017.- El \u00abMatador\u00bb est\u00e1 de regreso, Benjam\u00edn Gil fue presentado este d\u00eda oficialmente como manager de los Tomateros de Culiac\u00e1n, rumbo a la Temporada 2017-2018 de la Liga Mexicana del Pac\u00edfico. Gil lleg\u00f3 poco antes de las 8:30 horas a la cita,\u00a0de inicio,\u00a0sostuvo una reuni\u00f3n privada con la directiva guinda, encabezada por el Presidente del Consejo de Administraci\u00f3n, el se\u00f1or Marcos Ley L\u00f3pez, el Presidente Ejecutivo, el se\u00f1or H\u00e9ctor Ley L\u00f3pez, los Consejeros, Don Diego Ley L\u00f3pez y H\u00e9ctor Ley Pineda, as\u00ed como\u00a0los\u00a0Se\u00f1ores Jaime Blancarte y Mario Valdez, Asesor y Gerente Deportivo respectivamente. Apenas hizo su aparici\u00f3n en uno de los salones privados del restaurante donde se llev\u00f3 a cabo la presentaci\u00f3n y los flashes de las c\u00e1maras aparecieron por todos lados. Es la segunda ocasi\u00f3n en la que Gil dirigir\u00e1 a los guindas, quedando su primera etapa marcada por el campeonato obtenido en la campa\u00f1a 2014-2015, en la que se rompi\u00f3 una sequ\u00eda de 11 a\u00f1os sin t\u00edtulos para los Tomateros. \u201cEs dif\u00edcil describir en palabras la emoci\u00f3n y el gusto que es para mi volver a Culiac\u00e1n, como lo dijo don H\u00e9ctor, esta es mi segunda casa, es la ciudad con la que m\u00e1s me identifico. La gente, el ambiente, es como estar en casa; me entusiasma poder intentar traer m\u00e1s campeonatos, espero que sea una estancia larga, estoy demasiado emocionado de volver a ponerme la camisa guinda\u00bb, declar\u00f3 el cinco veces campe\u00f3n con los guindas. Por su parte, el se\u00f1or H\u00e9ctor Ley L\u00f3pez, estuvo muy entusiasmado durante la presentaci\u00f3n y fue el encargado de presentar oficialmente a Benjam\u00edn como manager de Culiac\u00e1n, adem\u00e1s, le hizo entrega de su jersey y gorra del equipo. \u201cMe da gusto presentar a Benjam\u00edn Gil como manager, esperemos que sea por muchas temporadas. \u00c9l es un hijo adoptivo de Culiac\u00e1n, aunque naci\u00f3 en Tijuana es uno m\u00e1s de esta ciudad, queremos desearle mucho \u00e9xito\u00bb, expres\u00f3 el Presidente Ejecutivo de los Tomateros. El Asesor Deportivo del Club, Jaime Blancarte Pimentel, se mostr\u00f3 contento por el hecho de tener a Mario Valdez y Benjam\u00edn Gil juntos, ya que ellos junto con otro grupo de jugadores tuvieron una etapa gloriosa con el equipo guinda. \u00abSolamente respaldar las palabras de don H\u00e9ctor Ley L\u00f3pez, darle la bienvenida a Benjam\u00edn Gil. Como muchos recordar\u00e1n, \u00e9l junto con Mario Valdez y muchos otros jugadores, formaron una gran generaci\u00f3n por la \u00e9poca de los 90&#8217;s. Nos da mucho gusto tenerlo de vuelta, con mayores br\u00edos y retos en esta franquicia\u00bb, declar\u00f3. Por \u00faltimo, Mario Valdez se expres\u00f3 a cerca de la llegada de su ex compa\u00f1ero de equipo, con el que ha logrado conquistar cinco campeonatos. \u00abBienvenido Benjam\u00edn, para m\u00ed es una satisfacci\u00f3n reencontrarme contigo en este nuevo proyecto, muchos sabemos que eres una persona con mucho conocimiento del b\u00e9isbol, siempre estudiando los peque\u00f1os detalles. Me consta el l\u00edder que eres, lo viv\u00ed como compa\u00f1ero tuyo y esperemos salga todo bien\u00bb, concluy\u00f3 el Gerente Deportivo. Gil\u00a0continu\u00f3 sus actividades con\u00a0par de reuniones de trabajo por la tarde de este d\u00eda con la directiva del Club Guinda, continuando con el proceso de integraci\u00f3n del equipo para la pr\u00f3xima campa\u00f1a de la LMP. &nbsp;<\/p>\n","protected":false},"author":1,"featured_media":2406,"comment_status":"closed","ping_status":"closed","sticky":false,"template":"","format":"standard","meta":{"footnotes":""},"categories":[3],"tags":[23,52,22,17],"class_list":["post-2405","post","type-post","status-publish","format-standard","has-post-thumbnail","hentry","category-noticias","tag-baseball","tag-benji","tag-nacion-guinda","tag-tomateros"],"_links":{"self":[{"href":"https:\/\/web.tomateros.online\/index.php\/wp-json\/wp\/v2\/posts\/2405","targetHints":{"allow":["GET"]}}],"collection":[{"href":"https:\/\/web.tomateros.online\/index.php\/wp-json\/wp\/v2\/posts"}],"about":[{"href":"https:\/\/web.tomateros.online\/index.php\/wp-json\/wp\/v2\/types\/post"}],"author":[{"embeddable":true,"href":"https:\/\/web.tomateros.online\/index.php\/wp-json\/wp\/v2\/users\/1"}],"replies":[{"embeddable":true,"href":"https:\/\/web.tomateros.online\/index.php\/wp-json\/wp\/v2\/comments?post=2405"}],"version-history":[{"count":0,"href":"https:\/\/web.tomateros.online\/index.php\/wp-json\/wp\/v2\/posts\/2405\/revisions"}],"wp:featuredmedia":[{"embeddable":true,"href":"https:\/\/web.tomateros.online\/index.php\/wp-json\/wp\/v2\/media\/2406"}],"wp:attachment":[{"href":"https:\/\/web.tomateros.online\/index.php\/wp-json\/wp\/v2\/media?parent=2405"}],"wp:term":[{"taxonomy":"category","embeddable":true,"href":"https:\/\/web.tomateros.online\/index.php\/wp-json\/wp\/v2\/categories?post=2405"},{"taxonomy":"post_tag","embeddable":true,"href":"https:\/\/web.tomateros.online\/index.php\/wp-json\/wp\/v2\/tags?post=2405"}],"curies":[{"name":"wp","href":"https:\/\/api.w.org\/{rel}","templated":true}]}}