{"id":2806,"date":"2017-05-22T19:31:36","date_gmt":"2017-05-22T19:31:36","guid":{"rendered":"http:\/\/www.tomateros.com.mx\/?p=2806"},"modified":"2017-05-22T19:31:36","modified_gmt":"2017-05-22T19:31:36","slug":"temas-definir-la-s-c-palco-premier","status":"publish","type":"post","link":"https:\/\/web.tomateros.online\/index.php\/2017\/05\/22\/temas-definir-la-s-c-palco-premier\/","title":{"rendered":"TEMAS POR DEFINIR DE LA S.C.: PALCO PREMIER"},"content":{"rendered":"<p>* Sin definir rotaci\u00f3n de sedes para Series del Caribe<\/p>\n<p>* \u00bfHasta el 2037, de nuevo en Culiac\u00e1n?<\/p>\n<p>* Benepl\u00e1cito por la adquisici\u00f3n de Sherman<\/p>\n<p><strong>Jorge Luis Telles Salazar<\/strong><\/p>\n<p>El cambio en la rotaci\u00f3n de sedes de las Series del Caribe es un tema que ha sido tocado recurrentemente a ra\u00edz del formidable \u00e9xito que represent\u00f3 el \u00faltimo de estos eventos, efectuado hace ya m\u00e1s de tres meses aqu\u00ed en Culiac\u00e1n; sin embargo, la \u00faltima palabra no se ha dicho todav\u00eda. Todo est\u00e1, a\u00fan, en el campo de la especulaci\u00f3n.<\/p>\n<p>Lo que s\u00ed est\u00e1 aparentemente firme es la competici\u00f3n del a\u00f1o entrante, ya confirmada para Venezuela. En concreto, para la ciudad de Barquisimeto, capital del estado de Lara y ubicada al occidente de ese pa\u00eds. La capital musical de la naci\u00f3n, le dicen.<\/p>\n<p>Esto no es una garant\u00eda plena porque las condiciones econ\u00f3micas, sociales y pol\u00edticas de Venezuela, no son precisamente las mejores; lejos de eso, la tendencia es a empeorar en el curso de los pr\u00f3ximos meses. Sin embargo ahora que anduvieron por Culiac\u00e1n (en febrero pr\u00f3ximo pasado) los directivos de la liga venezolana, llenos de orgullo propio, se dijeron listos para organizar la Serie del Caribe correspondiente a 2018.<\/p>\n<p>Bueno.<\/p>\n<p>Esperemos que as\u00ed sea pues.<\/p>\n<p>Y precisamente tras el \u00e9xito econ\u00f3mico, deportivo y administrativo del evento realizado en la capital de Sinaloa, volvi\u00f3 a ponerse sobre el tapete de las discusiones \u2013 al interior de la Confederaci\u00f3n de Ligas del Caribe \u2013 la posibilidad de que M\u00e9xico sea sede del torneo en un mayor n\u00famero de ocasiones y alguien propuso, incluso, la idea de que se efectuara cada dos\u00a0 a\u00f1os en alguna de las plazas de la Mexicana del Pac\u00edfico; concretamente, en Mazatl\u00e1n, Guadalajara, Mexicali, Hermosillo y Culiac\u00e1n.<\/p>\n<p>La nota fue dada como buena por un portal de noticias de Puerto Rico; pero luego se desminti\u00f3 y surgi\u00f3 otra versi\u00f3n: cada tres a\u00f1os, una Serie del Caribe para M\u00e9xico.<\/p>\n<p>Lo cierto es que no hay nada cierto a\u00fan.<\/p>\n<p>La \u00faltima palabra se dir\u00e1 en la reuni\u00f3n de la confederaci\u00f3n caribe\u00f1a, a realizarse en agosto en la ciudad de Santo Domingo, Rep\u00fablica Dominicana, luego del an\u00e1lisis de los pros y los contras que surgir\u00edan ante un eventual cambio de criterios en la rotaci\u00f3n de sedes del torneo. Hay quienes no est\u00e1n a favor, bajo el argumento de que no todo es el tema econ\u00f3mico, precisamente.<\/p>\n<p>Rep\u00fablica Dominicana quiere su sede y Puerto Rico tambi\u00e9n. Las \u00faltimas Series del Caribe en esos pa\u00edses han sido un fracaso, derivado directamente del descalabro de sus equipos representantes; pero a lo mejor y si tienen raz\u00f3n: no todo es dinero. Ah\u00ed est\u00e1 el orgullo latino, por ejemplo.<\/p>\n<p>Entonces, no hay nada seguro todav\u00eda. Lo que se ha dicho y escrito hasta el momento queda dentro del \u00e1mbito de las especulaciones.<\/p>\n<p>As\u00ed las cosas y si no se produce cambio alguno y en el entendido de que Guadalajara ser\u00e1 incluida inexorablemente en la rotaci\u00f3n de sedes, ser\u00e1 hasta el 2037 &#8211; \u00a1dentro de 20 a\u00f1os! \u2013 cuando tengamos una Serie del Caribe aqu\u00ed en Culiac\u00e1n.<\/p>\n<p>\u00bfQu\u00e9 os parece?<\/p>\n<p>URIAS REGRESA A TRIPLE \u201cA\u201d<\/p>\n<p>Bien.<\/p>\n<p>Tras sus dos \u00faltimas salidas \u2013 un desastre, particularmente la del s\u00e1bado pr\u00f3ximo pasado -, su inminente retorno a triple \u201cA\u201d es lo mejor que le puede suceder al pitcher originario de Culiac\u00e1n, Julio Cesar Ur\u00edas.<\/p>\n<p>El a\u00f1o pasado, cuando los Dodgers de los Angeles lo llamaron al equipo grande, Julio Cesar se convirti\u00f3 en el lanzador m\u00e1s joven de las Ligas Mayores y tambi\u00e9n en el mexicano m\u00e1s novel, en un debut en el mejor beisbol del mundo. La convocatoria fue circunstancial, producto de algunos problemas en la rotaci\u00f3n de abridores del equipo angelino; pero Ur\u00edas mostr\u00f3 de inmediato su calidad.<\/p>\n<p>Lo bajaron y lo subieron de nuevo y se sostuvo hasta el final.<\/p>\n<p>Ahora, en la actual temporada, Julio inici\u00f3 en triple \u201cA\u201d y fue ascendido hace cosa de tres semanas. Ur\u00edas registr\u00f3 tres salidas bastante buenas, aunque en ninguna de ellas logr\u00f3 la victoria. Luego vino una mala y otra peor. En las dos, en contraste, carg\u00f3 con el amargo descalabro.<\/p>\n<p>Despu\u00e9s de esto, los Dodgers parecen convencidos de que Julio Cesar debe estar m\u00e1s tiempo en triple \u201cA\u201d, para que lleve a cabo algunos ajustes en su manera de lanzar y mejore notoriamente su control, particularmente.<\/p>\n<p>Quiz\u00e1s pasen algunas semanas o meses para un nuevo llamado; pero ser\u00e1 lo mejor.<\/p>\n<p>Bueno, el tiempo, hasta eso, depender\u00e1 fundamentalmente de sus resultados en triple \u201cA\u201d, que tendr\u00e1n que ser buenos (supongo) porque el muchacho tiene mucho en su brazo de lanzar. Una mala salida la tiene cualquiera y hasta dos y tres, tambi\u00e9n.<\/p>\n<p>Como sea, el autor de Palco Premier piensa que ser\u00e1 positiva su estancia en la categor\u00eda inmediata inferior y que estar\u00e1 de regreso durante el verano que ya tenemos encima.<\/p>\n<p>Ojal\u00e1.<\/p>\n<p>COMPLACE LA INCORPORACION DE SHERMAN<\/p>\n<p>Por otro lado.<\/p>\n<p>Tal y como lo hab\u00edamos adelantado, la incorporaci\u00f3n de Darrell Sherman al equipo de Tomateros, caus\u00f3 grat\u00edsima impresi\u00f3n entre la fanaticada local.<\/p>\n<p>Y bueno, no podr\u00eda ser de otro modo.<\/p>\n<p>M\u00e1s all\u00e1 de ser uno de los \u00faltimos \u00eddolos de los aficionados de casa, Sherman es de la generaci\u00f3n de Benjam\u00edn Gil \u2013 campeones en 1996, 1997 y 2002, as\u00ed como en las Series del Caribe de 1996 y 2002 \u2013 y existe una comuni\u00f3n plena con quien ser\u00e1 el manager de los guindas, la pr\u00f3xima temporada de la Liga Mexicana del Pac\u00edfico.<\/p>\n<p>El nombramiento oficial de Darrell es el de coach de bateo y de outfield; pero lo m\u00e1s seguro es que tambi\u00e9n sea considerado para las decisiones colegiadas que cada d\u00eda se dan con mayor frecuencia en un club de b\u00e9isbol.<\/p>\n<p>Ser\u00e1 un elemento valioso, entonces. Sin duda alguna.<\/p>\n<p>Y con Benjam\u00edn y Sherman, m\u00e1s Mario Valdez que es el gerente deportivo, se configura la espina dorsal del cuerpo t\u00e9cnico de Tomateros, independientemente de otras contrataciones que se dar\u00e1n a conocer en su oportunidad.<\/p>\n<p>Hay gratos recuerdos para Darrell aqu\u00ed en Culiac\u00e1n y mejores lo ser\u00e1n ahora que viene a aportar talento, experiencia y conocimientos.<\/p>\n<p>Enhorabuena.<\/p>\n<p>EL COLOFON<\/p>\n<p>Y con esto, amigo lector, la despedida en cuanto al d\u00eda de hoy.<\/p>\n<p>La nueva cita es el pr\u00f3ximo viernes, con el an\u00e1lisis de lo hecho por los integrantes del equipo guinda durante la \u00faltima semana, en sus respectivos clubes en las diferentes ligas veraniegas. Tanto en M\u00e9xico, como en los Estados Unidos.<\/p>\n","protected":false},"excerpt":{"rendered":"<p>* Sin definir rotaci\u00f3n de sedes para Series del Caribe * \u00bfHasta el 2037, de nuevo en Culiac\u00e1n? * Benepl\u00e1cito por la adquisici\u00f3n de Sherman Jorge Luis Telles Salazar El cambio en la rotaci\u00f3n de sedes de las Series del Caribe es un tema que ha sido tocado recurrentemente a ra\u00edz del formidable \u00e9xito que represent\u00f3 el \u00faltimo de estos eventos, efectuado hace ya m\u00e1s de tres meses aqu\u00ed en Culiac\u00e1n; sin embargo, la \u00faltima palabra no se ha dicho todav\u00eda. Todo est\u00e1, a\u00fan, en el campo de la especulaci\u00f3n. Lo que s\u00ed est\u00e1 aparentemente firme es la competici\u00f3n del a\u00f1o entrante, ya confirmada para Venezuela. En concreto, para la ciudad de Barquisimeto, capital del estado de Lara y ubicada al occidente de ese pa\u00eds. La capital musical de la naci\u00f3n, le dicen. Esto no es una garant\u00eda plena porque las condiciones econ\u00f3micas, sociales y pol\u00edticas de Venezuela, no son precisamente las mejores; lejos de eso, la tendencia es a empeorar en el curso de los pr\u00f3ximos meses. Sin embargo ahora que anduvieron por Culiac\u00e1n (en febrero pr\u00f3ximo pasado) los directivos de la liga venezolana, llenos de orgullo propio, se dijeron listos para organizar la Serie del Caribe correspondiente a 2018. Bueno. Esperemos que as\u00ed sea pues. Y precisamente tras el \u00e9xito econ\u00f3mico, deportivo y administrativo del evento realizado en la capital de Sinaloa, volvi\u00f3 a ponerse sobre el tapete de las discusiones \u2013 al interior de la Confederaci\u00f3n de Ligas del Caribe \u2013 la posibilidad de que M\u00e9xico sea sede del torneo en un mayor n\u00famero de ocasiones y alguien propuso, incluso, la idea de que se efectuara cada dos\u00a0 a\u00f1os en alguna de las plazas de la Mexicana del Pac\u00edfico; concretamente, en Mazatl\u00e1n, Guadalajara, Mexicali, Hermosillo y Culiac\u00e1n. La nota fue dada como buena por un portal de noticias de Puerto Rico; pero luego se desminti\u00f3 y surgi\u00f3 otra versi\u00f3n: cada tres a\u00f1os, una Serie del Caribe para M\u00e9xico. Lo cierto es que no hay nada cierto a\u00fan. La \u00faltima palabra se dir\u00e1 en la reuni\u00f3n de la confederaci\u00f3n caribe\u00f1a, a realizarse en agosto en la ciudad de Santo Domingo, Rep\u00fablica Dominicana, luego del an\u00e1lisis de los pros y los contras que surgir\u00edan ante un eventual cambio de criterios en la rotaci\u00f3n de sedes del torneo. Hay quienes no est\u00e1n a favor, bajo el argumento de que no todo es el tema econ\u00f3mico, precisamente. Rep\u00fablica Dominicana quiere su sede y Puerto Rico tambi\u00e9n. Las \u00faltimas Series del Caribe en esos pa\u00edses han sido un fracaso, derivado directamente del descalabro de sus equipos representantes; pero a lo mejor y si tienen raz\u00f3n: no todo es dinero. Ah\u00ed est\u00e1 el orgullo latino, por ejemplo. Entonces, no hay nada seguro todav\u00eda. Lo que se ha dicho y escrito hasta el momento queda dentro del \u00e1mbito de las especulaciones. As\u00ed las cosas y si no se produce cambio alguno y en el entendido de que Guadalajara ser\u00e1 incluida inexorablemente en la rotaci\u00f3n de sedes, ser\u00e1 hasta el 2037 &#8211; \u00a1dentro de 20 a\u00f1os! \u2013 cuando tengamos una Serie del Caribe aqu\u00ed en Culiac\u00e1n. \u00bfQu\u00e9 os parece? URIAS REGRESA A TRIPLE \u201cA\u201d Bien. Tras sus dos \u00faltimas salidas \u2013 un desastre, particularmente la del s\u00e1bado pr\u00f3ximo pasado -, su inminente retorno a triple \u201cA\u201d es lo mejor que le puede suceder al pitcher originario de Culiac\u00e1n, Julio Cesar Ur\u00edas. El a\u00f1o pasado, cuando los Dodgers de los Angeles lo llamaron al equipo grande, Julio Cesar se convirti\u00f3 en el lanzador m\u00e1s joven de las Ligas Mayores y tambi\u00e9n en el mexicano m\u00e1s novel, en un debut en el mejor beisbol del mundo. La convocatoria fue circunstancial, producto de algunos problemas en la rotaci\u00f3n de abridores del equipo angelino; pero Ur\u00edas mostr\u00f3 de inmediato su calidad. Lo bajaron y lo subieron de nuevo y se sostuvo hasta el final. Ahora, en la actual temporada, Julio inici\u00f3 en triple \u201cA\u201d y fue ascendido hace cosa de tres semanas. Ur\u00edas registr\u00f3 tres salidas bastante buenas, aunque en ninguna de ellas logr\u00f3 la victoria. Luego vino una mala y otra peor. En las dos, en contraste, carg\u00f3 con el amargo descalabro. Despu\u00e9s de esto, los Dodgers parecen convencidos de que Julio Cesar debe estar m\u00e1s tiempo en triple \u201cA\u201d, para que lleve a cabo algunos ajustes en su manera de lanzar y mejore notoriamente su control, particularmente. Quiz\u00e1s pasen algunas semanas o meses para un nuevo llamado; pero ser\u00e1 lo mejor. Bueno, el tiempo, hasta eso, depender\u00e1 fundamentalmente de sus resultados en triple \u201cA\u201d, que tendr\u00e1n que ser buenos (supongo) porque el muchacho tiene mucho en su brazo de lanzar. Una mala salida la tiene cualquiera y hasta dos y tres, tambi\u00e9n. Como sea, el autor de Palco Premier piensa que ser\u00e1 positiva su estancia en la categor\u00eda inmediata inferior y que estar\u00e1 de regreso durante el verano que ya tenemos encima. Ojal\u00e1. COMPLACE LA INCORPORACION DE SHERMAN Por otro lado. Tal y como lo hab\u00edamos adelantado, la incorporaci\u00f3n de Darrell Sherman al equipo de Tomateros, caus\u00f3 grat\u00edsima impresi\u00f3n entre la fanaticada local. Y bueno, no podr\u00eda ser de otro modo. M\u00e1s all\u00e1 de ser uno de los \u00faltimos \u00eddolos de los aficionados de casa, Sherman es de la generaci\u00f3n de Benjam\u00edn Gil \u2013 campeones en 1996, 1997 y 2002, as\u00ed como en las Series del Caribe de 1996 y 2002 \u2013 y existe una comuni\u00f3n plena con quien ser\u00e1 el manager de los guindas, la pr\u00f3xima temporada de la Liga Mexicana del Pac\u00edfico. El nombramiento oficial de Darrell es el de coach de bateo y de outfield; pero lo m\u00e1s seguro es que tambi\u00e9n sea considerado para las decisiones colegiadas que cada d\u00eda se dan con mayor frecuencia en un club de b\u00e9isbol. Ser\u00e1 un elemento valioso, entonces. Sin duda alguna. Y con Benjam\u00edn y Sherman, m\u00e1s Mario Valdez que es el gerente deportivo, se configura la espina dorsal del cuerpo t\u00e9cnico de Tomateros, independientemente de otras contrataciones que se dar\u00e1n a conocer en su oportunidad. Hay gratos recuerdos para Darrell aqu\u00ed en Culiac\u00e1n y mejores lo ser\u00e1n ahora que viene a aportar talento, experiencia y conocimientos. Enhorabuena. EL COLOFON Y con esto, amigo lector, la despedida en cuanto al d\u00eda de hoy. La nueva cita es el pr\u00f3ximo viernes, con el an\u00e1lisis de lo hecho por los integrantes del equipo guinda durante la \u00faltima semana, en sus respectivos clubes en las diferentes ligas veraniegas. Tanto en M\u00e9xico, como en los Estados Unidos.<\/p>\n","protected":false},"author":1,"featured_media":2807,"comment_status":"closed","ping_status":"closed","sticky":false,"template":"","format":"standard","meta":{"footnotes":""},"categories":[3],"tags":[23,21,34,22,77],"class_list":["post-2806","post","type-post","status-publish","format-standard","has-post-thumbnail","hentry","category-noticias","tag-baseball","tag-beisbol","tag-culiacan","tag-nacion-guinda","tag-palco-premier"],"_links":{"self":[{"href":"https:\/\/web.tomateros.online\/index.php\/wp-json\/wp\/v2\/posts\/2806","targetHints":{"allow":["GET"]}}],"collection":[{"href":"https:\/\/web.tomateros.online\/index.php\/wp-json\/wp\/v2\/posts"}],"about":[{"href":"https:\/\/web.tomateros.online\/index.php\/wp-json\/wp\/v2\/types\/post"}],"author":[{"embeddable":true,"href":"https:\/\/web.tomateros.online\/index.php\/wp-json\/wp\/v2\/users\/1"}],"replies":[{"embeddable":true,"href":"https:\/\/web.tomateros.online\/index.php\/wp-json\/wp\/v2\/comments?post=2806"}],"version-history":[{"count":0,"href":"https:\/\/web.tomateros.online\/index.php\/wp-json\/wp\/v2\/posts\/2806\/revisions"}],"wp:featuredmedia":[{"embeddable":true,"href":"https:\/\/web.tomateros.online\/index.php\/wp-json\/wp\/v2\/media\/2807"}],"wp:attachment":[{"href":"https:\/\/web.tomateros.online\/index.php\/wp-json\/wp\/v2\/media?parent=2806"}],"wp:term":[{"taxonomy":"category","embeddable":true,"href":"https:\/\/web.tomateros.online\/index.php\/wp-json\/wp\/v2\/categories?post=2806"},{"taxonomy":"post_tag","embeddable":true,"href":"https:\/\/web.tomateros.online\/index.php\/wp-json\/wp\/v2\/tags?post=2806"}],"curies":[{"name":"wp","href":"https:\/\/api.w.org\/{rel}","templated":true}]}}