{"id":3074,"date":"2017-06-08T00:51:51","date_gmt":"2017-06-08T00:51:51","guid":{"rendered":"http:\/\/www.tomateros.com.mx\/?p=3074"},"modified":"2017-06-08T00:51:51","modified_gmt":"2017-06-08T00:51:51","slug":"orgullo-seguir-siendo-parte-la-nacion-guinda","status":"publish","type":"post","link":"https:\/\/web.tomateros.online\/index.php\/2017\/06\/08\/orgullo-seguir-siendo-parte-la-nacion-guinda\/","title":{"rendered":"\u201cUN ORGULLO SEGUIR SIENDO PARTE DE LA NACI\u00d3N GUINDA\u201d"},"content":{"rendered":"<p><iframe title=\"&quot;Un orgullo regresar a la Naci\u00f3n Guinda.&quot;\" width=\"960\" height=\"540\" src=\"https:\/\/www.youtube.com\/embed\/9ujVaiJXNKE?feature=oembed\" frameborder=\"0\" allow=\"accelerometer; autoplay; clipboard-write; encrypted-media; gyroscope; picture-in-picture; web-share\" allowfullscreen><\/iframe><\/p>\n<p>Por: Yesenia Torrecillas \/ Club Tomateros<\/p>\n<p>Francisco Campos recibi\u00f3 con gran gusto la noticia de regresar con Tomateros de Culiac\u00e1n, equipo con el que milit\u00f3 sus \u00faltimos a\u00f1os como pelotero profesional en la Liga Mexicana del Pac\u00edfico, donde lleg\u00f3 a proclamarse campe\u00f3n en la temporada 2014-2015, adem\u00e1s de que en ese entonces logr\u00f3 la joya de tirar un juego sin hit ni carrera combinado.<\/p>\n<p>Esta vez vuelve como parte del cuerpo t\u00e9cnico del m\u00e1nager Benjam\u00edn Gil en donde se desempe\u00f1ar\u00e1 como coach de bullpen y v\u00eda telef\u00f3nica desde Campeche, nos comparte su sentir.<\/p>\n<p>\u201cEs un nuevo paso, en una nueva faceta, que ya hab\u00eda planeado en mi vida, que est\u00e1 dentro de lo que yo quiero ser y qu\u00e9 bueno que haya salido la oportunidad r\u00e1pidamente, ya que todav\u00eda soy un pelotero activo en la Liga Mexicana de B\u00e9isbol y pienso que lleg\u00f3 en muy buen momento\u201d, extern\u00f3.<\/p>\n<p>\u2018Pancho Ponches\u2019 admiti\u00f3 que desde este lado, las cosas ser\u00e1n un poco diferentes, pues tratar\u00e1 de aportar sus conocimientos a las nuevas generaciones, no tendr\u00e1 secretos con nadie y buscar\u00e1 orientar a los p\u00edcheres para encaminarlos a que tracen una gran carrera.<\/p>\n<p>\u201cLe tengo mucho cari\u00f1o a Tomateros, porque es un club que me dio la oportunidad de mantenerme m\u00e1s tiempo en la pelota invernal, mis \u00faltimos a\u00f1os fueron ah\u00ed y le agarr\u00e9 un aprecio muy especial a la camiseta, as\u00ed que con esta nueva oportunidad, creo que vengo a sumar y espero hacer una larga carrera en la organizaci\u00f3n ahora en el aspecto del cuerpo t\u00e9cnico\u201d, comparti\u00f3.<\/p>\n<p>El guaymense agreg\u00f3 que ser\u00e1 muy especial trabajar de la mano de \u2018Benji\u2019 Gil, con quien tuvo el honor de compartir tanto como jugador como m\u00e1nager, as\u00ed como con el resto de los coaches.<\/p>\n<p>\u201cGracias a Dios ya he tenido la oportunidad de hacer mancuerna con cada uno de ellos. Creo que la directiva eso es lo que est\u00e1 buscando, tenemos la oportunidad de conocernos todos, lo cual me parece un factor muy importante por la armon\u00eda y comunicaci\u00f3n, que son cosas que juegan un papel muy importante\u201d, destac\u00f3.<\/p>\n<p>Por \u00faltimo, brind\u00f3 unas palabras a todos los aficionados culiacanenses.<\/p>\n<p>\u201cLe mando un saludo a toda la Naci\u00f3n Guinda, al igual que ellos estoy muy contento de seguir participando con el equipo Tomateros. Para m\u00ed sigue siendo y ha sido un verdadero orgullo ser parte de la Naci\u00f3n Guinda, estoy muy agradecido con toda la directiva, la familia Ley por haberme tomado en cuenta, tenerme confianza y no me queda m\u00e1s que mandarles un abrazo\u201d, finaliz\u00f3.<\/p>\n<p>El experimentado lanzador, se reportar\u00e1 para el 18 de septiembre con el club, fecha en que arrancar\u00e1 de manera oficial la pretemporada.<\/p>\n<p>A lo largo de 19 campa\u00f1as se mantuvo en el b\u00e9isbol invernal, en donde tir\u00f3 un total de 1194 episodios, tuvo marca de 77-54 en ganados y perdidos, recet\u00f3 953 chocolates y compil\u00f3 una efectividad de 3.14.<\/p>\n<p>6 campa\u00f1as visti\u00f3 la franela guinda, en donde tuvo acci\u00f3n 62 encuentros, obtuvo 29 victorias, tuvo 14 descalabros, un total de 328.4 innings y un ERA de 4.72.<\/p>\n","protected":false},"excerpt":{"rendered":"<p>Por: Yesenia Torrecillas \/ Club Tomateros Francisco Campos recibi\u00f3 con gran gusto la noticia de regresar con Tomateros de Culiac\u00e1n, equipo con el que milit\u00f3 sus \u00faltimos a\u00f1os como pelotero profesional en la Liga Mexicana del Pac\u00edfico, donde lleg\u00f3 a proclamarse campe\u00f3n en la temporada 2014-2015, adem\u00e1s de que en ese entonces logr\u00f3 la joya de tirar un juego sin hit ni carrera combinado. Esta vez vuelve como parte del cuerpo t\u00e9cnico del m\u00e1nager Benjam\u00edn Gil en donde se desempe\u00f1ar\u00e1 como coach de bullpen y v\u00eda telef\u00f3nica desde Campeche, nos comparte su sentir. \u201cEs un nuevo paso, en una nueva faceta, que ya hab\u00eda planeado en mi vida, que est\u00e1 dentro de lo que yo quiero ser y qu\u00e9 bueno que haya salido la oportunidad r\u00e1pidamente, ya que todav\u00eda soy un pelotero activo en la Liga Mexicana de B\u00e9isbol y pienso que lleg\u00f3 en muy buen momento\u201d, extern\u00f3. \u2018Pancho Ponches\u2019 admiti\u00f3 que desde este lado, las cosas ser\u00e1n un poco diferentes, pues tratar\u00e1 de aportar sus conocimientos a las nuevas generaciones, no tendr\u00e1 secretos con nadie y buscar\u00e1 orientar a los p\u00edcheres para encaminarlos a que tracen una gran carrera. \u201cLe tengo mucho cari\u00f1o a Tomateros, porque es un club que me dio la oportunidad de mantenerme m\u00e1s tiempo en la pelota invernal, mis \u00faltimos a\u00f1os fueron ah\u00ed y le agarr\u00e9 un aprecio muy especial a la camiseta, as\u00ed que con esta nueva oportunidad, creo que vengo a sumar y espero hacer una larga carrera en la organizaci\u00f3n ahora en el aspecto del cuerpo t\u00e9cnico\u201d, comparti\u00f3. El guaymense agreg\u00f3 que ser\u00e1 muy especial trabajar de la mano de \u2018Benji\u2019 Gil, con quien tuvo el honor de compartir tanto como jugador como m\u00e1nager, as\u00ed como con el resto de los coaches. \u201cGracias a Dios ya he tenido la oportunidad de hacer mancuerna con cada uno de ellos. Creo que la directiva eso es lo que est\u00e1 buscando, tenemos la oportunidad de conocernos todos, lo cual me parece un factor muy importante por la armon\u00eda y comunicaci\u00f3n, que son cosas que juegan un papel muy importante\u201d, destac\u00f3. Por \u00faltimo, brind\u00f3 unas palabras a todos los aficionados culiacanenses. \u201cLe mando un saludo a toda la Naci\u00f3n Guinda, al igual que ellos estoy muy contento de seguir participando con el equipo Tomateros. Para m\u00ed sigue siendo y ha sido un verdadero orgullo ser parte de la Naci\u00f3n Guinda, estoy muy agradecido con toda la directiva, la familia Ley por haberme tomado en cuenta, tenerme confianza y no me queda m\u00e1s que mandarles un abrazo\u201d, finaliz\u00f3. El experimentado lanzador, se reportar\u00e1 para el 18 de septiembre con el club, fecha en que arrancar\u00e1 de manera oficial la pretemporada. A lo largo de 19 campa\u00f1as se mantuvo en el b\u00e9isbol invernal, en donde tir\u00f3 un total de 1194 episodios, tuvo marca de 77-54 en ganados y perdidos, recet\u00f3 953 chocolates y compil\u00f3 una efectividad de 3.14. 6 campa\u00f1as visti\u00f3 la franela guinda, en donde tuvo acci\u00f3n 62 encuentros, obtuvo 29 victorias, tuvo 14 descalabros, un total de 328.4 innings y un ERA de 4.72.<\/p>\n","protected":false},"author":1,"featured_media":3075,"comment_status":"closed","ping_status":"closed","sticky":false,"template":"","format":"standard","meta":{"footnotes":""},"categories":[3],"tags":[23,21,34,22],"class_list":["post-3074","post","type-post","status-publish","format-standard","has-post-thumbnail","hentry","category-noticias","tag-baseball","tag-beisbol","tag-culiacan","tag-nacion-guinda"],"_links":{"self":[{"href":"https:\/\/web.tomateros.online\/index.php\/wp-json\/wp\/v2\/posts\/3074","targetHints":{"allow":["GET"]}}],"collection":[{"href":"https:\/\/web.tomateros.online\/index.php\/wp-json\/wp\/v2\/posts"}],"about":[{"href":"https:\/\/web.tomateros.online\/index.php\/wp-json\/wp\/v2\/types\/post"}],"author":[{"embeddable":true,"href":"https:\/\/web.tomateros.online\/index.php\/wp-json\/wp\/v2\/users\/1"}],"replies":[{"embeddable":true,"href":"https:\/\/web.tomateros.online\/index.php\/wp-json\/wp\/v2\/comments?post=3074"}],"version-history":[{"count":0,"href":"https:\/\/web.tomateros.online\/index.php\/wp-json\/wp\/v2\/posts\/3074\/revisions"}],"wp:featuredmedia":[{"embeddable":true,"href":"https:\/\/web.tomateros.online\/index.php\/wp-json\/wp\/v2\/media\/3075"}],"wp:attachment":[{"href":"https:\/\/web.tomateros.online\/index.php\/wp-json\/wp\/v2\/media?parent=3074"}],"wp:term":[{"taxonomy":"category","embeddable":true,"href":"https:\/\/web.tomateros.online\/index.php\/wp-json\/wp\/v2\/categories?post=3074"},{"taxonomy":"post_tag","embeddable":true,"href":"https:\/\/web.tomateros.online\/index.php\/wp-json\/wp\/v2\/tags?post=3074"}],"curies":[{"name":"wp","href":"https:\/\/api.w.org\/{rel}","templated":true}]}}