{"id":3189,"date":"2017-06-20T18:52:11","date_gmt":"2017-06-20T18:52:11","guid":{"rendered":"http:\/\/www.tomateros.com.mx\/?p=3189"},"modified":"2017-06-20T18:52:11","modified_gmt":"2017-06-20T18:52:11","slug":"ya-se-veia-venir-palco-premier","status":"publish","type":"post","link":"https:\/\/web.tomateros.online\/index.php\/2017\/06\/20\/ya-se-veia-venir-palco-premier\/","title":{"rendered":"YA SE VE\u00cdA VENIR: PALCO PREMIER"},"content":{"rendered":"<p><strong>= PALCO PREMIER =<\/strong><\/p>\n<p>= Ya\u00a0 se ve\u00eda venir: Guadalajara, sede de la SC en 2018<\/p>\n<p>= Prop\u00f3sito: fortalecer el beisbol profesional en Jalisco<\/p>\n<p>= Jaime Blancarte y Mario Valdez en busca de nuevos elementos<\/p>\n<p>&nbsp;<\/p>\n<p><strong>Por: Jorge Luis Telles Salazar<\/strong><\/p>\n<p>Guadalajara organizar\u00e1 la Serie del Caribe de 2018, solo once meses despu\u00e9s de haber sido una de las subsedes del cl\u00e1sico mundial de beisbol. O sea: en menos de un a\u00f1o, habr\u00e1 tenido dos de los eventos m\u00e1s relevantes de la pelota profesional.<\/p>\n<p>En su momento, la subsede del Mundial le fue asignada directamente por la Major League Base ball, previa consulta con los principales magnates de este deporte en el pa\u00eds.<\/p>\n<p>La de la Serie del Caribe le fue otorgada por la Confederaci\u00f3n Nacional de Ligas Invernales de la zona, tan solo hace unos d\u00edas, tras la declinaci\u00f3n de la ciudad de Barquisimeto, Venezuela, a la que le correspond\u00eda hacer el torneo en febrero del a\u00f1o entrante.<\/p>\n<p>Esto, en verdad, se ve\u00eda venir, de manera irremediable.<\/p>\n<p>Cuando los directivos de los Cardenales de Lara visitaron Culiac\u00e1n en febrero pasado ratificaron que, a pesar de los complicados problemas de Venezuela, estar\u00edan en condiciones de organizar el evento el pr\u00f3ximo a\u00f1o y lo confirmaron plenamente al regresar a su pa\u00eds, ampliamente motivados por la exitosa experiencia de la capital de Sinaloa.<\/p>\n<p>Sin embargo, los directivos del beisbol bolivariano no tuvieron otra que aceptar su realidad y vencieron su orgullo para declararse incompetentes para ser la sede de la Serie del Caribe del 2018.<\/p>\n<p>As\u00ed, con toda resignaci\u00f3n, lo hicieron saber a la directiva de la Confederaci\u00f3n y el organismo rector le otorg\u00f3 la sede a M\u00e9xico, de nueva cuenta, con la aceptaci\u00f3n de los dirigentes del circuito invernal de nuestro pa\u00eds y con el consentimiento de los magnates de las otras ligas que forman parte del organismo confederado.<\/p>\n<p>Y solo horas despu\u00e9s, la Mexicana del Pacifico, por la v\u00eda de la unanimidad, puso tal responsabilidad en manos de la ciudad de Guadalajara, la casa de los Charros de Jalisco. Ni tan siquiera fue necesaria la celebraci\u00f3n de una junta extraordinaria para definir el punto. Fue suficiente con un encuentro virtual para que los presidentes de los clubes dieran su voto, por unanimidad, a la tierra del tequila, el mariachi y las tortas ahogadas.<\/p>\n<p>Es que, en realidad ya todo estaba previsto: la declinaci\u00f3n venezolana, la decisi\u00f3n en beneficio de M\u00e9xico y el acuerdo favorable a Guadalajara.<\/p>\n<p>As\u00ed de f\u00e1cil.<\/p>\n<p><strong>= CONSOLIDAR EL BEISBOL, EL OBJETIVO =<\/strong><\/p>\n<p>Y bien.<\/p>\n<p>Guadalajara es una tierra futbolera por tradici\u00f3n. Chivas Rayadas ya es una marca con registro universal y en un momento dado la capital de Jalisco lleg\u00f3 a contar hasta con cuatro equipos de primera divisi\u00f3n.<\/p>\n<p>En la actualidad solo tiene dos: Chivas y Atlas.<\/p>\n<p>Y dos m\u00e1s en espera, aunque con remot\u00edsimas esperanzas de volver a la divisi\u00f3n m\u00e1xima al corto plazo: Leones Negros y Tecos de la Universidad Aut\u00f3noma de Guadalajara.<\/p>\n<p>Sin embargo, la ciudad de Guadalajara es la segunda m\u00e1s grande del pa\u00eds \u2013 por debajo de la capital de M\u00e9xico y por encima de Monterrey \u2013 y existe un mercado suficientemente atractivo para el beisbol profesional. Ya lo tuvieron hace mucho rato, en el circuito de verano y ahora cuentan con el deporta de la pelota, en invierno.<\/p>\n<p>Precisamente eso es lo que se pretende: consolidar la afici\u00f3n por el beisbol y la cosa va por buen camino. El cl\u00e1sico fue un \u00e9xito y la Serie del Caribe seguramente tambi\u00e9n lo ser\u00e1.<\/p>\n<p>La historia de los Charros de Jalisco se resume a solo tres temporadas, hasta ahora: en la primera de ellas, avanzaron hasta la serie final, misma que perdieron, en cinco juegos, ante los Tomateros de Culiac\u00e1n; en la segunda, clasificaron apuradamente al primer \u201cplay off\u201d y en la tercera no avanzaron m\u00e1s all\u00e1 del rol regular.<\/p>\n<p>El apoyo de los aficionados ha sido bueno. Mejor de lo esperado, incluso.<\/p>\n<p>Cierto, el monumental estadio Panamericano \u2013 una de las instalaciones que le dej\u00f3 a Guadalajara la justa deportiva intercontinental \u2013 no registra los grandes llenos de Culiac\u00e1n o Hermosillo; pero las entradas van m\u00e1s all\u00e1 de lo aceptable y la franquicia, hasta ahora, parece rentable.<\/p>\n<p>Y si los Charros hacen su mejor papel en la campa\u00f1a 2017-2018 y si la Serie del Caribe se acerca a lo que vivimos aqu\u00ed en Culiac\u00e1n, entonces se habr\u00e1 dado un gran paso hacia la meta buscada: la consolidaci\u00f3n del beisbol invernal en Guadalajara.<\/p>\n<p>Ya lo veremos.<\/p>\n<p><strong>= JAIME BLANCARTE Y MARIO VALDEZ =<\/strong><\/p>\n<p>Mientras.<\/p>\n<p>Jaime Blancarte y Mario Valdez pasan lista de presente en los caminos del Sur del pa\u00eds; del Sureste, mejor dicho. Blancarte Pimentel es el Asesor Especial de Presidencia\u00a0del club Tomateros de Culiac\u00e1n; Mario Valdez, el Gerente Deportivo.<\/p>\n<p>\u00bfQu\u00e9 si qu\u00e9 es lo que hacen por all\u00e1?<\/p>\n<p>Realizar\u00e1n una gira por diferentes plazas de la Liga Mexicana de Verano, con la finalidad de ver en acci\u00f3n a los peloteros de Tomateros de Culiac\u00e1n que juegan regularmente en aquel circuito. La inmensa mayor\u00eda de ellos, con plaza como titulares, por si le interesa.<\/p>\n<p>Hay otra raz\u00f3n: observar a peloteros que ser\u00e1n sujeto de draft y que estar\u00e1n disponibles en el evento a realizarse el 06 de julio pr\u00f3ximo, en la ciudad de Hermosillo.<\/p>\n<p>Una prueba irrefutable de que Tomateros de Culiac\u00e1n trabaja bajo el esquema de objetivos y que sigue una invariable l\u00ednea de acci\u00f3n. La meta final, por supuesto, es la obtenci\u00f3n del campeonato de la temporada en puerta: la 2017-2018.<\/p>\n<p>Los seguiremos de cerca.<\/p>\n<p>Y con este comentario, nos despedimos de usted amigo lector, amigo aficionado, con nuestros deseos de siempre: que Dios los bendiga.<\/p>\n<p>V\u00e1monos ya.<\/p>\n<p>=0=<\/p>\n","protected":false},"excerpt":{"rendered":"<p>= PALCO PREMIER = = Ya\u00a0 se ve\u00eda venir: Guadalajara, sede de la SC en 2018 = Prop\u00f3sito: fortalecer el beisbol profesional en Jalisco = Jaime Blancarte y Mario Valdez en busca de nuevos elementos &nbsp; Por: Jorge Luis Telles Salazar Guadalajara organizar\u00e1 la Serie del Caribe de 2018, solo once meses despu\u00e9s de haber sido una de las subsedes del cl\u00e1sico mundial de beisbol. O sea: en menos de un a\u00f1o, habr\u00e1 tenido dos de los eventos m\u00e1s relevantes de la pelota profesional. En su momento, la subsede del Mundial le fue asignada directamente por la Major League Base ball, previa consulta con los principales magnates de este deporte en el pa\u00eds. La de la Serie del Caribe le fue otorgada por la Confederaci\u00f3n Nacional de Ligas Invernales de la zona, tan solo hace unos d\u00edas, tras la declinaci\u00f3n de la ciudad de Barquisimeto, Venezuela, a la que le correspond\u00eda hacer el torneo en febrero del a\u00f1o entrante. Esto, en verdad, se ve\u00eda venir, de manera irremediable. Cuando los directivos de los Cardenales de Lara visitaron Culiac\u00e1n en febrero pasado ratificaron que, a pesar de los complicados problemas de Venezuela, estar\u00edan en condiciones de organizar el evento el pr\u00f3ximo a\u00f1o y lo confirmaron plenamente al regresar a su pa\u00eds, ampliamente motivados por la exitosa experiencia de la capital de Sinaloa. Sin embargo, los directivos del beisbol bolivariano no tuvieron otra que aceptar su realidad y vencieron su orgullo para declararse incompetentes para ser la sede de la Serie del Caribe del 2018. As\u00ed, con toda resignaci\u00f3n, lo hicieron saber a la directiva de la Confederaci\u00f3n y el organismo rector le otorg\u00f3 la sede a M\u00e9xico, de nueva cuenta, con la aceptaci\u00f3n de los dirigentes del circuito invernal de nuestro pa\u00eds y con el consentimiento de los magnates de las otras ligas que forman parte del organismo confederado. Y solo horas despu\u00e9s, la Mexicana del Pacifico, por la v\u00eda de la unanimidad, puso tal responsabilidad en manos de la ciudad de Guadalajara, la casa de los Charros de Jalisco. Ni tan siquiera fue necesaria la celebraci\u00f3n de una junta extraordinaria para definir el punto. Fue suficiente con un encuentro virtual para que los presidentes de los clubes dieran su voto, por unanimidad, a la tierra del tequila, el mariachi y las tortas ahogadas. Es que, en realidad ya todo estaba previsto: la declinaci\u00f3n venezolana, la decisi\u00f3n en beneficio de M\u00e9xico y el acuerdo favorable a Guadalajara. As\u00ed de f\u00e1cil. = CONSOLIDAR EL BEISBOL, EL OBJETIVO = Y bien. Guadalajara es una tierra futbolera por tradici\u00f3n. Chivas Rayadas ya es una marca con registro universal y en un momento dado la capital de Jalisco lleg\u00f3 a contar hasta con cuatro equipos de primera divisi\u00f3n. En la actualidad solo tiene dos: Chivas y Atlas. Y dos m\u00e1s en espera, aunque con remot\u00edsimas esperanzas de volver a la divisi\u00f3n m\u00e1xima al corto plazo: Leones Negros y Tecos de la Universidad Aut\u00f3noma de Guadalajara. Sin embargo, la ciudad de Guadalajara es la segunda m\u00e1s grande del pa\u00eds \u2013 por debajo de la capital de M\u00e9xico y por encima de Monterrey \u2013 y existe un mercado suficientemente atractivo para el beisbol profesional. Ya lo tuvieron hace mucho rato, en el circuito de verano y ahora cuentan con el deporta de la pelota, en invierno. Precisamente eso es lo que se pretende: consolidar la afici\u00f3n por el beisbol y la cosa va por buen camino. El cl\u00e1sico fue un \u00e9xito y la Serie del Caribe seguramente tambi\u00e9n lo ser\u00e1. La historia de los Charros de Jalisco se resume a solo tres temporadas, hasta ahora: en la primera de ellas, avanzaron hasta la serie final, misma que perdieron, en cinco juegos, ante los Tomateros de Culiac\u00e1n; en la segunda, clasificaron apuradamente al primer \u201cplay off\u201d y en la tercera no avanzaron m\u00e1s all\u00e1 del rol regular. El apoyo de los aficionados ha sido bueno. Mejor de lo esperado, incluso. Cierto, el monumental estadio Panamericano \u2013 una de las instalaciones que le dej\u00f3 a Guadalajara la justa deportiva intercontinental \u2013 no registra los grandes llenos de Culiac\u00e1n o Hermosillo; pero las entradas van m\u00e1s all\u00e1 de lo aceptable y la franquicia, hasta ahora, parece rentable. Y si los Charros hacen su mejor papel en la campa\u00f1a 2017-2018 y si la Serie del Caribe se acerca a lo que vivimos aqu\u00ed en Culiac\u00e1n, entonces se habr\u00e1 dado un gran paso hacia la meta buscada: la consolidaci\u00f3n del beisbol invernal en Guadalajara. Ya lo veremos. = JAIME BLANCARTE Y MARIO VALDEZ = Mientras. Jaime Blancarte y Mario Valdez pasan lista de presente en los caminos del Sur del pa\u00eds; del Sureste, mejor dicho. Blancarte Pimentel es el Asesor Especial de Presidencia\u00a0del club Tomateros de Culiac\u00e1n; Mario Valdez, el Gerente Deportivo. \u00bfQu\u00e9 si qu\u00e9 es lo que hacen por all\u00e1? Realizar\u00e1n una gira por diferentes plazas de la Liga Mexicana de Verano, con la finalidad de ver en acci\u00f3n a los peloteros de Tomateros de Culiac\u00e1n que juegan regularmente en aquel circuito. La inmensa mayor\u00eda de ellos, con plaza como titulares, por si le interesa. Hay otra raz\u00f3n: observar a peloteros que ser\u00e1n sujeto de draft y que estar\u00e1n disponibles en el evento a realizarse el 06 de julio pr\u00f3ximo, en la ciudad de Hermosillo. Una prueba irrefutable de que Tomateros de Culiac\u00e1n trabaja bajo el esquema de objetivos y que sigue una invariable l\u00ednea de acci\u00f3n. La meta final, por supuesto, es la obtenci\u00f3n del campeonato de la temporada en puerta: la 2017-2018. Los seguiremos de cerca. Y con este comentario, nos despedimos de usted amigo lector, amigo aficionado, con nuestros deseos de siempre: que Dios los bendiga. V\u00e1monos ya. =0=<\/p>\n","protected":false},"author":1,"featured_media":3190,"comment_status":"closed","ping_status":"closed","sticky":false,"template":"","format":"standard","meta":{"footnotes":""},"categories":[3],"tags":[],"class_list":["post-3189","post","type-post","status-publish","format-standard","has-post-thumbnail","hentry","category-noticias"],"_links":{"self":[{"href":"https:\/\/web.tomateros.online\/index.php\/wp-json\/wp\/v2\/posts\/3189","targetHints":{"allow":["GET"]}}],"collection":[{"href":"https:\/\/web.tomateros.online\/index.php\/wp-json\/wp\/v2\/posts"}],"about":[{"href":"https:\/\/web.tomateros.online\/index.php\/wp-json\/wp\/v2\/types\/post"}],"author":[{"embeddable":true,"href":"https:\/\/web.tomateros.online\/index.php\/wp-json\/wp\/v2\/users\/1"}],"replies":[{"embeddable":true,"href":"https:\/\/web.tomateros.online\/index.php\/wp-json\/wp\/v2\/comments?post=3189"}],"version-history":[{"count":0,"href":"https:\/\/web.tomateros.online\/index.php\/wp-json\/wp\/v2\/posts\/3189\/revisions"}],"wp:featuredmedia":[{"embeddable":true,"href":"https:\/\/web.tomateros.online\/index.php\/wp-json\/wp\/v2\/media\/3190"}],"wp:attachment":[{"href":"https:\/\/web.tomateros.online\/index.php\/wp-json\/wp\/v2\/media?parent=3189"}],"wp:term":[{"taxonomy":"category","embeddable":true,"href":"https:\/\/web.tomateros.online\/index.php\/wp-json\/wp\/v2\/categories?post=3189"},{"taxonomy":"post_tag","embeddable":true,"href":"https:\/\/web.tomateros.online\/index.php\/wp-json\/wp\/v2\/tags?post=3189"}],"curies":[{"name":"wp","href":"https:\/\/api.w.org\/{rel}","templated":true}]}}