{"id":3565,"date":"2017-08-30T18:42:30","date_gmt":"2017-08-30T18:42:30","guid":{"rendered":"http:\/\/www.tomateros.com.mx\/?p=3565"},"modified":"2017-08-30T18:42:30","modified_gmt":"2017-08-30T18:42:30","slug":"concluyo-la-primera-parte-del-congreso-cbpc","status":"publish","type":"post","link":"https:\/\/web.tomateros.online\/index.php\/2017\/08\/30\/concluyo-la-primera-parte-del-congreso-cbpc\/","title":{"rendered":"CONCLUY\u00d3 LA PRIMERA PARTE DEL CONGRESO CBPC"},"content":{"rendered":"<div><strong>Guadalajara, Jalisco. Agosto 30 del 2017 (LMP.mx).-<\/strong> La Confederaci\u00f3n del Caribe realiz\u00f3 su primera parte del congreso 2018 en esta ciudad. El comisionado Dr. Juan Francisco Puello Herrera present\u00f3 sus memorias respecto al a\u00f1o de ejercicio bajo su mandato, la asamblea de presidentes que conforman la CBPC aprob\u00f3 por unanimidad el informe.<\/div>\n<p>&nbsp;<\/p>\n<p>El Dr. Puello Herrera se\u00f1al\u00f3 \u00abes un gusto siempre poder tener esta comunicaci\u00f3n con los presidentes que son parte de la confederaci\u00f3n, porque es donde se presenta el balance de lo realizado, lo cual es importante para seguir creciendo\u00bb.<\/p>\n<p><span class=\"m_5643896961895672094colour\"><span class=\"m_5643896961895672094font\"><span class=\"m_5643896961895672094size\">Por su parte el Comit\u00e9 Organizador de la Serie del Caribe Jalisco 2018 present\u00f3 el plan de trabajo para la organizaci\u00f3n de la fiesta caribe\u00f1a. Se hizo la presentaci\u00f3n de los hoteles que pueden ser la sede para las delegaciones, as\u00ed como toda la log\u00edstica para la celebraci\u00f3n del evento.<\/span><\/span><\/span><\/p>\n<p><span class=\"m_5643896961895672094colour\"><span class=\"m_5643896961895672094font\"><span class=\"m_5643896961895672094size\">El Lic. Salvador Quirarte afirm\u00f3: \u00abtengan la plena seguridad que Jalisco y los Charros seremos unos grandes anfitriones, nos estamos esmerando en organizar el mejor evento posible, hemos hecho avances muy significativos en el poco tiempo que hemos tenido para organizarnos, pero vamos a tener una gran organizaci\u00f3n\u00bb.<\/span><\/span><\/span><\/p>\n<p><span class=\"m_5643896961895672094colour\"><span class=\"m_5643896961895672094font\"><span class=\"m_5643896961895672094size\">Los trabajos contin\u00faan esta tarde donde se seguir\u00e1n analizando temas de log\u00edstica, derechos de televisi\u00f3n, entre otros. El congreso concluye ma\u00f1ana con la conferencia de prensa a las 14:00 horas en el Estadio de los Charros donde estar\u00e1 presente el Gobernador del Estado de Jalisco Arist\u00f3teles Sandoval.<\/span><\/span><\/span><\/p>\n","protected":false},"excerpt":{"rendered":"<p>Guadalajara, Jalisco. Agosto 30 del 2017 (LMP.mx).- La Confederaci\u00f3n del Caribe realiz\u00f3 su primera parte del congreso 2018 en esta ciudad. El comisionado Dr. Juan Francisco Puello Herrera present\u00f3 sus memorias respecto al a\u00f1o de ejercicio bajo su mandato, la asamblea de presidentes que conforman la CBPC aprob\u00f3 por unanimidad el informe. &nbsp; El Dr. Puello Herrera se\u00f1al\u00f3 \u00abes un gusto siempre poder tener esta comunicaci\u00f3n con los presidentes que son parte de la confederaci\u00f3n, porque es donde se presenta el balance de lo realizado, lo cual es importante para seguir creciendo\u00bb. Por su parte el Comit\u00e9 Organizador de la Serie del Caribe Jalisco 2018 present\u00f3 el plan de trabajo para la organizaci\u00f3n de la fiesta caribe\u00f1a. Se hizo la presentaci\u00f3n de los hoteles que pueden ser la sede para las delegaciones, as\u00ed como toda la log\u00edstica para la celebraci\u00f3n del evento. El Lic. Salvador Quirarte afirm\u00f3: \u00abtengan la plena seguridad que Jalisco y los Charros seremos unos grandes anfitriones, nos estamos esmerando en organizar el mejor evento posible, hemos hecho avances muy significativos en el poco tiempo que hemos tenido para organizarnos, pero vamos a tener una gran organizaci\u00f3n\u00bb. Los trabajos contin\u00faan esta tarde donde se seguir\u00e1n analizando temas de log\u00edstica, derechos de televisi\u00f3n, entre otros. El congreso concluye ma\u00f1ana con la conferencia de prensa a las 14:00 horas en el Estadio de los Charros donde estar\u00e1 presente el Gobernador del Estado de Jalisco Arist\u00f3teles Sandoval.<\/p>\n","protected":false},"author":1,"featured_media":3566,"comment_status":"closed","ping_status":"closed","sticky":false,"template":"","format":"standard","meta":{"footnotes":""},"categories":[3],"tags":[],"class_list":["post-3565","post","type-post","status-publish","format-standard","has-post-thumbnail","hentry","category-noticias"],"_links":{"self":[{"href":"https:\/\/web.tomateros.online\/index.php\/wp-json\/wp\/v2\/posts\/3565","targetHints":{"allow":["GET"]}}],"collection":[{"href":"https:\/\/web.tomateros.online\/index.php\/wp-json\/wp\/v2\/posts"}],"about":[{"href":"https:\/\/web.tomateros.online\/index.php\/wp-json\/wp\/v2\/types\/post"}],"author":[{"embeddable":true,"href":"https:\/\/web.tomateros.online\/index.php\/wp-json\/wp\/v2\/users\/1"}],"replies":[{"embeddable":true,"href":"https:\/\/web.tomateros.online\/index.php\/wp-json\/wp\/v2\/comments?post=3565"}],"version-history":[{"count":0,"href":"https:\/\/web.tomateros.online\/index.php\/wp-json\/wp\/v2\/posts\/3565\/revisions"}],"wp:featuredmedia":[{"embeddable":true,"href":"https:\/\/web.tomateros.online\/index.php\/wp-json\/wp\/v2\/media\/3566"}],"wp:attachment":[{"href":"https:\/\/web.tomateros.online\/index.php\/wp-json\/wp\/v2\/media?parent=3565"}],"wp:term":[{"taxonomy":"category","embeddable":true,"href":"https:\/\/web.tomateros.online\/index.php\/wp-json\/wp\/v2\/categories?post=3565"},{"taxonomy":"post_tag","embeddable":true,"href":"https:\/\/web.tomateros.online\/index.php\/wp-json\/wp\/v2\/tags?post=3565"}],"curies":[{"name":"wp","href":"https:\/\/api.w.org\/{rel}","templated":true}]}}