{"id":414,"date":"2016-09-12T22:00:01","date_gmt":"2016-09-12T22:00:01","guid":{"rendered":"http:\/\/www.tomateros.com.mx\/?p=414"},"modified":"2016-09-12T22:00:01","modified_gmt":"2016-09-12T22:00:01","slug":"cumplira-pancho-ponches-su-sueno","status":"publish","type":"post","link":"https:\/\/web.tomateros.online\/index.php\/2016\/09\/12\/cumplira-pancho-ponches-su-sueno\/","title":{"rendered":"CUMPLIR\u00c1 \u00abPANCHO PONCHES\u00bb SU SUE\u00d1O"},"content":{"rendered":"<p><strong>Culiac\u00e1n, Sinaloa. Lunes 12 de septiembre de 2016.- <\/strong>El pitcher m\u00e1s ganador de los Tomateros de Culiac\u00e1n en las \u00faltimas cinco temporadas, Francisco Campos, report\u00f3 al campamento guinda, buscando la preparaci\u00f3n que lo lleve a retirarse dignamente de la Liga Mexicana del Pac\u00edfico.<\/p>\n<p>&nbsp;<\/p>\n<p>Desde su llegada a los Tomateros en la Temporada 2011-2012, Campos mencion\u00f3 que esta ser\u00eda la \u00faltima casaca que vestir\u00eda en la LMP, y el d\u00eda de hoy lo confirm\u00f3 al decir que esta ser\u00e1 la \u00faltima campa\u00f1a que lance en el circuito invernal.<\/p>\n<p>Con lente obscuro y listo para su primer entrenamiento, Campos fue presentado frente a sus compa\u00f1eros y en tono de bromo dio sus primeras palabras. \u201cYo report\u00e9 hoy, pero no soy nuevo\u201d, dijo \u201cPancho Ponches\u201d al cuestionar Lino Rivera si hab\u00eda alguna novedad de jugadores.<\/p>\n<p>\u201cAqu\u00ed estamos de nuevo, borr\u00f3n y cuenta nueva, estoy con la mejor actitud para ayudar al equipo y llegar a esa final que todos queremos. Ya tengo dicho que estoy en mi \u00faltima temporada y a eso vengo, me quiero retirar con la mejor de las ganas y aportar lo m\u00e1s que se pueda, simplemente quiero hacer las cosas bien y retirarme por la puerta grande\u201d, coment\u00f3.<\/p>\n<p>La directiva habl\u00f3 con Campos previo al draft de la LMP y le notificaron que lo sacar\u00edan del roster, pero al d\u00eda siguiente lo recuperar\u00edan, al solicitarlo de la Bolsa de la Liga, algo que se dio sin ning\u00fan problema y le da la oportunidad al pitcher mexicano de cumplir uno de sus sue\u00f1os.<\/p>\n<p>\u201cTotalmente, ese fue mi sue\u00f1o, cr\u00e9eme que el a\u00f1o pasado tuve la oportunidad de hacerlo con cualquier otro equipo\u00a0 que me estuvieron ofreciendo lanzar para ellos, pero decid\u00ed mejor tomar las cosas con calma y hacer las cosas que quiero hacer y una de esas es retirarme dignamente con la franela de los Tomateros de Culiac\u00e1n\u201d, reiter\u00f3.<\/p>\n<p>Campos tiene r\u00e9cord de 22-8 en 4 temporadas con los guindas y efectividad de 3.49, pero el sonorense quiere aumentar esa cifra de triunfos.<\/p>\n<p>\u201cSeguir aportando, con esa actitud vengo, de tener r\u00e9cord positivo, mi \u00faltimo a\u00f1o termin\u00e9 con 4 ganados y cero perdidos, incluso si mal no recuerdo mi \u00faltimo fue el juego sin hit ni carrera; pienso que eso es una motivaci\u00f3n muy grande para seguir aportando, s\u00e9 que puedo seguir dando esos mismos resultados\u201d.<\/p>\n<p>Pese a que confirm\u00f3 que este a\u00f1o se retirar\u00e1 del pac\u00edfico, Campos seguir\u00e1 lanzando en la Liga Mexicana de B\u00e9isbol.<\/p>\n<p>\u201cEn Liga Mexicana tengo otros planes, s\u00e9 que aqu\u00ed en Tomateros de Culiac\u00e1n y en la Liga Mexicana del Pac\u00edfico sobre todo, es mucho m\u00e1s \u00a0dif\u00edcil la competencia y es por eso que decid\u00ed retirarme. All\u00e1 tengo la posibilidad porque son m\u00e1s equipos y existen m\u00e1s posibilidades, adem\u00e1s que es menos dif\u00edcil que esta liga, aqu\u00ed la verdad son muchos los j\u00f3venes que est\u00e1n detr\u00e1s de m\u00ed y haciendo muy bien su trabajo, entonces hay que tomar conciencia y dejar esas oportunidades para las nuevas generaciones\u201d, confes\u00f3.<\/p>\n<p>Tal como este a\u00f1o se uni\u00f3 Mario Valdez al Cuerpo T\u00e9cnico, \u201cPancho\u201d Campos no quiere alejarse del medio y desea ser coach de los Tomateros.<\/p>\n<p>\u201cQuiero seguir en el mismo ambiente, si dios me lo permite y la directiva tambi\u00e9n, pienso que puedo seguir apoyando no tanto como pelotero activo sino como coach apoyando a las nuevas generaciones, tengo \u00a0la oportunidad de manifestarme bien con ellos y hacerles ver los secretos que uno sabe para que ellos tambi\u00e9n triunfen\u201d, finaliz\u00f3.<\/p>\n<p>Francisco Campos con Tomateros:<\/p>\n<p><strong>22-8<\/strong><\/p>\n<p>Su r\u00e9cord con la casaca guinda<\/p>\n<p><strong>247.1 <\/strong><\/p>\n<p>Entradas lanzadas con los Tomateros<\/p>\n<p><strong>60<\/strong><\/p>\n<p>Bases por bolas ha otorgado<\/p>\n<p><strong>189<\/strong><\/p>\n<p>Ponches lleva con Culiac\u00e1n<\/p>\n<p><strong>3.49 ERA<\/strong><\/p>\n<p>Su efectividad con Tomateros<\/p>\n<p><strong>\u00a0<\/strong><\/p>\n","protected":false},"excerpt":{"rendered":"<p>Culiac\u00e1n, Sinaloa. Lunes 12 de septiembre de 2016.- El pitcher m\u00e1s ganador de los Tomateros de Culiac\u00e1n en las \u00faltimas cinco temporadas, Francisco Campos, report\u00f3 al campamento guinda, buscando la preparaci\u00f3n que lo lleve a retirarse dignamente de la Liga Mexicana del Pac\u00edfico. &nbsp; Desde su llegada a los Tomateros en la Temporada 2011-2012, Campos mencion\u00f3 que esta ser\u00eda la \u00faltima casaca que vestir\u00eda en la LMP, y el d\u00eda de hoy lo confirm\u00f3 al decir que esta ser\u00e1 la \u00faltima campa\u00f1a que lance en el circuito invernal. Con lente obscuro y listo para su primer entrenamiento, Campos fue presentado frente a sus compa\u00f1eros y en tono de bromo dio sus primeras palabras. \u201cYo report\u00e9 hoy, pero no soy nuevo\u201d, dijo \u201cPancho Ponches\u201d al cuestionar Lino Rivera si hab\u00eda alguna novedad de jugadores. \u201cAqu\u00ed estamos de nuevo, borr\u00f3n y cuenta nueva, estoy con la mejor actitud para ayudar al equipo y llegar a esa final que todos queremos. Ya tengo dicho que estoy en mi \u00faltima temporada y a eso vengo, me quiero retirar con la mejor de las ganas y aportar lo m\u00e1s que se pueda, simplemente quiero hacer las cosas bien y retirarme por la puerta grande\u201d, coment\u00f3. La directiva habl\u00f3 con Campos previo al draft de la LMP y le notificaron que lo sacar\u00edan del roster, pero al d\u00eda siguiente lo recuperar\u00edan, al solicitarlo de la Bolsa de la Liga, algo que se dio sin ning\u00fan problema y le da la oportunidad al pitcher mexicano de cumplir uno de sus sue\u00f1os. \u201cTotalmente, ese fue mi sue\u00f1o, cr\u00e9eme que el a\u00f1o pasado tuve la oportunidad de hacerlo con cualquier otro equipo\u00a0 que me estuvieron ofreciendo lanzar para ellos, pero decid\u00ed mejor tomar las cosas con calma y hacer las cosas que quiero hacer y una de esas es retirarme dignamente con la franela de los Tomateros de Culiac\u00e1n\u201d, reiter\u00f3. Campos tiene r\u00e9cord de 22-8 en 4 temporadas con los guindas y efectividad de 3.49, pero el sonorense quiere aumentar esa cifra de triunfos. \u201cSeguir aportando, con esa actitud vengo, de tener r\u00e9cord positivo, mi \u00faltimo a\u00f1o termin\u00e9 con 4 ganados y cero perdidos, incluso si mal no recuerdo mi \u00faltimo fue el juego sin hit ni carrera; pienso que eso es una motivaci\u00f3n muy grande para seguir aportando, s\u00e9 que puedo seguir dando esos mismos resultados\u201d. Pese a que confirm\u00f3 que este a\u00f1o se retirar\u00e1 del pac\u00edfico, Campos seguir\u00e1 lanzando en la Liga Mexicana de B\u00e9isbol. \u201cEn Liga Mexicana tengo otros planes, s\u00e9 que aqu\u00ed en Tomateros de Culiac\u00e1n y en la Liga Mexicana del Pac\u00edfico sobre todo, es mucho m\u00e1s \u00a0dif\u00edcil la competencia y es por eso que decid\u00ed retirarme. All\u00e1 tengo la posibilidad porque son m\u00e1s equipos y existen m\u00e1s posibilidades, adem\u00e1s que es menos dif\u00edcil que esta liga, aqu\u00ed la verdad son muchos los j\u00f3venes que est\u00e1n detr\u00e1s de m\u00ed y haciendo muy bien su trabajo, entonces hay que tomar conciencia y dejar esas oportunidades para las nuevas generaciones\u201d, confes\u00f3. Tal como este a\u00f1o se uni\u00f3 Mario Valdez al Cuerpo T\u00e9cnico, \u201cPancho\u201d Campos no quiere alejarse del medio y desea ser coach de los Tomateros. \u201cQuiero seguir en el mismo ambiente, si dios me lo permite y la directiva tambi\u00e9n, pienso que puedo seguir apoyando no tanto como pelotero activo sino como coach apoyando a las nuevas generaciones, tengo \u00a0la oportunidad de manifestarme bien con ellos y hacerles ver los secretos que uno sabe para que ellos tambi\u00e9n triunfen\u201d, finaliz\u00f3. Francisco Campos con Tomateros: 22-8 Su r\u00e9cord con la casaca guinda 247.1 Entradas lanzadas con los Tomateros 60 Bases por bolas ha otorgado 189 Ponches lleva con Culiac\u00e1n 3.49 ERA Su efectividad con Tomateros \u00a0<\/p>\n","protected":false},"author":1,"featured_media":415,"comment_status":"open","ping_status":"open","sticky":false,"template":"","format":"standard","meta":{"footnotes":""},"categories":[3],"tags":[],"class_list":["post-414","post","type-post","status-publish","format-standard","has-post-thumbnail","hentry","category-noticias"],"_links":{"self":[{"href":"https:\/\/web.tomateros.online\/index.php\/wp-json\/wp\/v2\/posts\/414","targetHints":{"allow":["GET"]}}],"collection":[{"href":"https:\/\/web.tomateros.online\/index.php\/wp-json\/wp\/v2\/posts"}],"about":[{"href":"https:\/\/web.tomateros.online\/index.php\/wp-json\/wp\/v2\/types\/post"}],"author":[{"embeddable":true,"href":"https:\/\/web.tomateros.online\/index.php\/wp-json\/wp\/v2\/users\/1"}],"replies":[{"embeddable":true,"href":"https:\/\/web.tomateros.online\/index.php\/wp-json\/wp\/v2\/comments?post=414"}],"version-history":[{"count":0,"href":"https:\/\/web.tomateros.online\/index.php\/wp-json\/wp\/v2\/posts\/414\/revisions"}],"wp:featuredmedia":[{"embeddable":true,"href":"https:\/\/web.tomateros.online\/index.php\/wp-json\/wp\/v2\/media\/415"}],"wp:attachment":[{"href":"https:\/\/web.tomateros.online\/index.php\/wp-json\/wp\/v2\/media?parent=414"}],"wp:term":[{"taxonomy":"category","embeddable":true,"href":"https:\/\/web.tomateros.online\/index.php\/wp-json\/wp\/v2\/categories?post=414"},{"taxonomy":"post_tag","embeddable":true,"href":"https:\/\/web.tomateros.online\/index.php\/wp-json\/wp\/v2\/tags?post=414"}],"curies":[{"name":"wp","href":"https:\/\/api.w.org\/{rel}","templated":true}]}}