{"id":4195,"date":"2017-11-24T20:27:36","date_gmt":"2017-11-24T20:27:36","guid":{"rendered":"http:\/\/www.tomateros.com.mx\/?p=4195"},"modified":"2017-11-24T20:27:36","modified_gmt":"2017-11-24T20:27:36","slug":"amilcar-gaxiola-se-viste-guinda","status":"publish","type":"post","link":"https:\/\/web.tomateros.online\/index.php\/2017\/11\/24\/amilcar-gaxiola-se-viste-guinda\/","title":{"rendered":"AMILCAR GAXIOLA SE VISTE DE GUINDA"},"content":{"rendered":"<p><strong>Culiac\u00e1n, Sinaloa a viernes 24 de noviembre de 2017.-<\/strong> En la b\u00fasqueda de tener un plantel m\u00e1s competitivo, los Tomateros de Culiac\u00e1n anuncian la incorporaci\u00f3n del lanzador Amilcar Gaxiola, quien llega v\u00eda pr\u00e9stamo por el resto de la temporada proveniente de los Venados de Mazatl\u00e1n.<\/p>\n<p>El zurdo culichi, quien fuera Novato del A\u00f1o en la campa\u00f1a 2014-2015 y lograra un sin hit ni carrera, ya se code\u00f3 con los guindas en la Serie del Caribe celebrada en San Juan, Puerto Rico hace casi 3 ediciones atr\u00e1s.<\/p>\n<p>Para este invierno no entr\u00f3 en los planes de la directiva mazatleca y el pasado verano se mantuvo con los Generales de Durango en donde tuvo foja de 7-6 y una efectividad de 5.29.<\/p>\n<p>Ser\u00e1 este domingo en que haga su presentaci\u00f3n con Tomateros, cuando enfrente a Zack Dodson ante los Mayos de Navojoa en el Estadio Manuel \u201cCicl\u00f3n\u201d Echeverr\u00eda.<\/p>\n","protected":false},"excerpt":{"rendered":"<p>Culiac\u00e1n, Sinaloa a viernes 24 de noviembre de 2017.- En la b\u00fasqueda de tener un plantel m\u00e1s competitivo, los Tomateros de Culiac\u00e1n anuncian la incorporaci\u00f3n del lanzador Amilcar Gaxiola, quien llega v\u00eda pr\u00e9stamo por el resto de la temporada proveniente de los Venados de Mazatl\u00e1n. El zurdo culichi, quien fuera Novato del A\u00f1o en la campa\u00f1a 2014-2015 y lograra un sin hit ni carrera, ya se code\u00f3 con los guindas en la Serie del Caribe celebrada en San Juan, Puerto Rico hace casi 3 ediciones atr\u00e1s. Para este invierno no entr\u00f3 en los planes de la directiva mazatleca y el pasado verano se mantuvo con los Generales de Durango en donde tuvo foja de 7-6 y una efectividad de 5.29. Ser\u00e1 este domingo en que haga su presentaci\u00f3n con Tomateros, cuando enfrente a Zack Dodson ante los Mayos de Navojoa en el Estadio Manuel \u201cCicl\u00f3n\u201d Echeverr\u00eda.<\/p>\n","protected":false},"author":1,"featured_media":4196,"comment_status":"closed","ping_status":"closed","sticky":false,"template":"","format":"standard","meta":{"footnotes":""},"categories":[3],"tags":[],"class_list":["post-4195","post","type-post","status-publish","format-standard","has-post-thumbnail","hentry","category-noticias"],"_links":{"self":[{"href":"https:\/\/web.tomateros.online\/index.php\/wp-json\/wp\/v2\/posts\/4195","targetHints":{"allow":["GET"]}}],"collection":[{"href":"https:\/\/web.tomateros.online\/index.php\/wp-json\/wp\/v2\/posts"}],"about":[{"href":"https:\/\/web.tomateros.online\/index.php\/wp-json\/wp\/v2\/types\/post"}],"author":[{"embeddable":true,"href":"https:\/\/web.tomateros.online\/index.php\/wp-json\/wp\/v2\/users\/1"}],"replies":[{"embeddable":true,"href":"https:\/\/web.tomateros.online\/index.php\/wp-json\/wp\/v2\/comments?post=4195"}],"version-history":[{"count":0,"href":"https:\/\/web.tomateros.online\/index.php\/wp-json\/wp\/v2\/posts\/4195\/revisions"}],"wp:featuredmedia":[{"embeddable":true,"href":"https:\/\/web.tomateros.online\/index.php\/wp-json\/wp\/v2\/media\/4196"}],"wp:attachment":[{"href":"https:\/\/web.tomateros.online\/index.php\/wp-json\/wp\/v2\/media?parent=4195"}],"wp:term":[{"taxonomy":"category","embeddable":true,"href":"https:\/\/web.tomateros.online\/index.php\/wp-json\/wp\/v2\/categories?post=4195"},{"taxonomy":"post_tag","embeddable":true,"href":"https:\/\/web.tomateros.online\/index.php\/wp-json\/wp\/v2\/tags?post=4195"}],"curies":[{"name":"wp","href":"https:\/\/api.w.org\/{rel}","templated":true}]}}