{"id":4986,"date":"2018-04-29T11:00:32","date_gmt":"2018-04-29T18:00:32","guid":{"rendered":"http:\/\/www.tomateros.com.mx\/?p=4986"},"modified":"2018-04-29T11:00:32","modified_gmt":"2018-04-29T18:00:32","slug":"4986","status":"publish","type":"post","link":"https:\/\/web.tomateros.online\/index.php\/2018\/04\/29\/4986\/","title":{"rendered":"NACI\u00d3N DE SUPERH\u00c9ROES POR EL AUTISMO"},"content":{"rendered":"<p>Carrera Superh\u00e9roes \u00abCorre Azulado\u00bb tuvo una participaci\u00f3n de m\u00e1s de 2 mil competidores donde la principal intenci\u00f3n era fomentar y dar a conocer a la sociedad el padecimiento del Autismo.<\/p>\n<p>Dicha competencia fue organizada por diferentes marcas patrocinadoras entre ellas Tomateros de Culiac\u00e1n y la Asociaci\u00f3n Sinaloense de Autismo que preside Beatriz Gaxiola.<\/p>\n<p>\u00abM\u00e1s que feliz estoy super contenta por la respuesta de todos los culichis. La verdad de sumaron de una manera excelente, siendo un d\u00eda de fiesta para ASA y toda la comunidad del autismo. Estamos sorprendidos, en el fondo s\u00ed cre\u00edamos que pod\u00edamos hacerlo. Simplemente estamos muy agradecidos\u00bb, extern\u00f3 la presidenta.<\/p>\n<p>Esta\u00a0instituci\u00f3n trata a los ni\u00f1os con dicho padecimiento, se encarga de hacer campa\u00f1as de concienciaci\u00f3n para que el resto de la sociedad sepan c\u00f3mo tratar a los peque\u00f1os que tienen autismo, ya que es una condici\u00f3n que te acompa\u00f1a toda tu vida.<\/p>\n<p>Club Tomateros de Culiac\u00e1n, activo como responsable social. Ejerciendo el ejemplo.<\/p>\n","protected":false},"excerpt":{"rendered":"<p>Carrera Superh\u00e9roes \u00abCorre Azulado\u00bb tuvo una participaci\u00f3n de m\u00e1s de 2 mil competidores donde la principal intenci\u00f3n era fomentar y dar a conocer a la sociedad el padecimiento del Autismo. Dicha competencia fue organizada por diferentes marcas patrocinadoras entre ellas Tomateros de Culiac\u00e1n y la Asociaci\u00f3n Sinaloense de Autismo que preside Beatriz Gaxiola. \u00abM\u00e1s que feliz estoy super contenta por la respuesta de todos los culichis. La verdad de sumaron de una manera excelente, siendo un d\u00eda de fiesta para ASA y toda la comunidad del autismo. Estamos sorprendidos, en el fondo s\u00ed cre\u00edamos que pod\u00edamos hacerlo. Simplemente estamos muy agradecidos\u00bb, extern\u00f3 la presidenta. Esta\u00a0instituci\u00f3n trata a los ni\u00f1os con dicho padecimiento, se encarga de hacer campa\u00f1as de concienciaci\u00f3n para que el resto de la sociedad sepan c\u00f3mo tratar a los peque\u00f1os que tienen autismo, ya que es una condici\u00f3n que te acompa\u00f1a toda tu vida. Club Tomateros de Culiac\u00e1n, activo como responsable social. Ejerciendo el ejemplo.<\/p>\n","protected":false},"author":1,"featured_media":4987,"comment_status":"closed","ping_status":"closed","sticky":false,"template":"","format":"standard","meta":{"footnotes":""},"categories":[3],"tags":[],"class_list":["post-4986","post","type-post","status-publish","format-standard","has-post-thumbnail","hentry","category-noticias"],"_links":{"self":[{"href":"https:\/\/web.tomateros.online\/index.php\/wp-json\/wp\/v2\/posts\/4986","targetHints":{"allow":["GET"]}}],"collection":[{"href":"https:\/\/web.tomateros.online\/index.php\/wp-json\/wp\/v2\/posts"}],"about":[{"href":"https:\/\/web.tomateros.online\/index.php\/wp-json\/wp\/v2\/types\/post"}],"author":[{"embeddable":true,"href":"https:\/\/web.tomateros.online\/index.php\/wp-json\/wp\/v2\/users\/1"}],"replies":[{"embeddable":true,"href":"https:\/\/web.tomateros.online\/index.php\/wp-json\/wp\/v2\/comments?post=4986"}],"version-history":[{"count":0,"href":"https:\/\/web.tomateros.online\/index.php\/wp-json\/wp\/v2\/posts\/4986\/revisions"}],"wp:featuredmedia":[{"embeddable":true,"href":"https:\/\/web.tomateros.online\/index.php\/wp-json\/wp\/v2\/media\/4987"}],"wp:attachment":[{"href":"https:\/\/web.tomateros.online\/index.php\/wp-json\/wp\/v2\/media?parent=4986"}],"wp:term":[{"taxonomy":"category","embeddable":true,"href":"https:\/\/web.tomateros.online\/index.php\/wp-json\/wp\/v2\/categories?post=4986"},{"taxonomy":"post_tag","embeddable":true,"href":"https:\/\/web.tomateros.online\/index.php\/wp-json\/wp\/v2\/tags?post=4986"}],"curies":[{"name":"wp","href":"https:\/\/api.w.org\/{rel}","templated":true}]}}