{"id":5398,"date":"2018-06-28T21:41:01","date_gmt":"2018-06-29T04:41:01","guid":{"rendered":"http:\/\/www.tomateros.com.mx\/?p=5398"},"modified":"2018-06-28T21:41:01","modified_gmt":"2018-06-29T04:41:01","slug":"quiere-parte-del-bicampeonato","status":"publish","type":"post","link":"https:\/\/web.tomateros.online\/index.php\/2018\/06\/28\/quiere-parte-del-bicampeonato\/","title":{"rendered":"QUIERE SER PARTE DEL BICAMPEONATO"},"content":{"rendered":"<p>Por: Yesenia Torrecillas | @yesyTorrecillaz<\/p>\n<p><strong>Culiac\u00e1n, Sinaloa a jueves 28 de junio de 2018.-<\/strong> Luis Alfonso \u201cCochito\u201d Cruz, mostr\u00f3 gran inter\u00e9s en ser parte de la lucha por el bicampeonato de los Tomateros de Culiac\u00e1n para la Temporada 2018-2019 de la Liga Mexicana del Pac\u00edfico.<\/p>\n<p>A su llegada a la capital sinaloense como invitado especial de la presentaci\u00f3n del nuevo proyecto audiovisual de la organizaci\u00f3n guinda, \u201cEl Cochito\u201d revivi\u00f3 importantes recuerdos de su paso por la actual escuadra campeona, teniendo cierta nostalgia de aquel trofeo como Jugador M\u00e1s Valioso que conquist\u00f3 en la campa\u00f1a 2011-2012.<\/p>\n<p>\u201cHabl\u00e9 con la directiva y si me lo permiten, desde el d\u00eda 1 reportar\u00e9 al equipo, yo quiero ser parte de un posible bicampeonato\u201d, extern\u00f3 luego de tomar en cuenta que por sus compromisos en Grandes Ligas y la pelota asi\u00e1tica, no pudo estar con Tomateros en los t\u00edtulos 2014-2015 y el m\u00e1s reciente, el 2017-2018.<\/p>\n<p>Asimismo, destac\u00f3 el acercamiento con el conjunto culichi, lo cual es algo muy importante para su regreso a las filas de los 11 veces monarcas del mejor b\u00e9isbol profesional del pa\u00eds y dijo que buscar\u00e1 hablar con el manager Benjam\u00edn Gil para compartirle sus planes de volver a jugar en invierno.<\/p>\n<p>Despu\u00e9s de haber estado algunos a\u00f1os en el circuito japon\u00e9s, vio acci\u00f3n en el primer torneo de la LMB con los Diablos Rojos y por ahora, tomar\u00e1 un descanso para estar listo en la venidera LMP.<\/p>\n<p>\u201cMuy agradecido con Tomateros por abrirme siempre las puertas, este fue el equipo donde he tenido mis mejores a\u00f1os y por eso mismo s\u00e9 que tengo una gran responsabilidad de venir al 100% y demostrarle a la afici\u00f3n que hay mucho \u2018Cochito\u2019 para rato\u201d, coment\u00f3.<\/p>\n<p>Por \u00faltimo, se dijo muy emocionado por el gallardete que obtuvieron los Tomateros ante los Mayos de Navojoa, pues \u00e9l oriundo de la ciudad sonorense y sintiendo el color guinda a flor de piel, subray\u00f3 que sin lugar a dudas ha sido una de las mejores batallas que le ha tocado ver y desea ser parte de otro cap\u00edtulo de esta lucha \u00e9pica para la pr\u00f3xima inauguraci\u00f3n a celebrarse el 12 de octubre en Culiac\u00e1n.<\/p>\n<p>En 5 temporadas con los sinaloenses, jug\u00f3 232 encuentros, conect\u00f3 265 hits, dispar\u00f3 36 jonrones, produjo132 carreras y bate\u00f3 para .297.<\/p>\n<p>&nbsp;<\/p>\n","protected":false},"excerpt":{"rendered":"<p>Por: Yesenia Torrecillas | @yesyTorrecillaz Culiac\u00e1n, Sinaloa a jueves 28 de junio de 2018.- Luis Alfonso \u201cCochito\u201d Cruz, mostr\u00f3 gran inter\u00e9s en ser parte de la lucha por el bicampeonato de los Tomateros de Culiac\u00e1n para la Temporada 2018-2019 de la Liga Mexicana del Pac\u00edfico. A su llegada a la capital sinaloense como invitado especial de la presentaci\u00f3n del nuevo proyecto audiovisual de la organizaci\u00f3n guinda, \u201cEl Cochito\u201d revivi\u00f3 importantes recuerdos de su paso por la actual escuadra campeona, teniendo cierta nostalgia de aquel trofeo como Jugador M\u00e1s Valioso que conquist\u00f3 en la campa\u00f1a 2011-2012. \u201cHabl\u00e9 con la directiva y si me lo permiten, desde el d\u00eda 1 reportar\u00e9 al equipo, yo quiero ser parte de un posible bicampeonato\u201d, extern\u00f3 luego de tomar en cuenta que por sus compromisos en Grandes Ligas y la pelota asi\u00e1tica, no pudo estar con Tomateros en los t\u00edtulos 2014-2015 y el m\u00e1s reciente, el 2017-2018. Asimismo, destac\u00f3 el acercamiento con el conjunto culichi, lo cual es algo muy importante para su regreso a las filas de los 11 veces monarcas del mejor b\u00e9isbol profesional del pa\u00eds y dijo que buscar\u00e1 hablar con el manager Benjam\u00edn Gil para compartirle sus planes de volver a jugar en invierno. Despu\u00e9s de haber estado algunos a\u00f1os en el circuito japon\u00e9s, vio acci\u00f3n en el primer torneo de la LMB con los Diablos Rojos y por ahora, tomar\u00e1 un descanso para estar listo en la venidera LMP. \u201cMuy agradecido con Tomateros por abrirme siempre las puertas, este fue el equipo donde he tenido mis mejores a\u00f1os y por eso mismo s\u00e9 que tengo una gran responsabilidad de venir al 100% y demostrarle a la afici\u00f3n que hay mucho \u2018Cochito\u2019 para rato\u201d, coment\u00f3. Por \u00faltimo, se dijo muy emocionado por el gallardete que obtuvieron los Tomateros ante los Mayos de Navojoa, pues \u00e9l oriundo de la ciudad sonorense y sintiendo el color guinda a flor de piel, subray\u00f3 que sin lugar a dudas ha sido una de las mejores batallas que le ha tocado ver y desea ser parte de otro cap\u00edtulo de esta lucha \u00e9pica para la pr\u00f3xima inauguraci\u00f3n a celebrarse el 12 de octubre en Culiac\u00e1n. En 5 temporadas con los sinaloenses, jug\u00f3 232 encuentros, conect\u00f3 265 hits, dispar\u00f3 36 jonrones, produjo132 carreras y bate\u00f3 para .297. &nbsp;<\/p>\n","protected":false},"author":1,"featured_media":5399,"comment_status":"closed","ping_status":"closed","sticky":false,"template":"","format":"standard","meta":{"footnotes":""},"categories":[3],"tags":[],"class_list":["post-5398","post","type-post","status-publish","format-standard","has-post-thumbnail","hentry","category-noticias"],"_links":{"self":[{"href":"https:\/\/web.tomateros.online\/index.php\/wp-json\/wp\/v2\/posts\/5398","targetHints":{"allow":["GET"]}}],"collection":[{"href":"https:\/\/web.tomateros.online\/index.php\/wp-json\/wp\/v2\/posts"}],"about":[{"href":"https:\/\/web.tomateros.online\/index.php\/wp-json\/wp\/v2\/types\/post"}],"author":[{"embeddable":true,"href":"https:\/\/web.tomateros.online\/index.php\/wp-json\/wp\/v2\/users\/1"}],"replies":[{"embeddable":true,"href":"https:\/\/web.tomateros.online\/index.php\/wp-json\/wp\/v2\/comments?post=5398"}],"version-history":[{"count":0,"href":"https:\/\/web.tomateros.online\/index.php\/wp-json\/wp\/v2\/posts\/5398\/revisions"}],"wp:featuredmedia":[{"embeddable":true,"href":"https:\/\/web.tomateros.online\/index.php\/wp-json\/wp\/v2\/media\/5399"}],"wp:attachment":[{"href":"https:\/\/web.tomateros.online\/index.php\/wp-json\/wp\/v2\/media?parent=5398"}],"wp:term":[{"taxonomy":"category","embeddable":true,"href":"https:\/\/web.tomateros.online\/index.php\/wp-json\/wp\/v2\/categories?post=5398"},{"taxonomy":"post_tag","embeddable":true,"href":"https:\/\/web.tomateros.online\/index.php\/wp-json\/wp\/v2\/tags?post=5398"}],"curies":[{"name":"wp","href":"https:\/\/api.w.org\/{rel}","templated":true}]}}