{"id":5500,"date":"2018-07-10T12:58:11","date_gmt":"2018-07-10T19:58:11","guid":{"rendered":"http:\/\/www.tomateros.com.mx\/?p=5500"},"modified":"2018-07-10T12:58:11","modified_gmt":"2018-07-10T19:58:11","slug":"palco-premier-43","status":"publish","type":"post","link":"https:\/\/web.tomateros.online\/index.php\/2018\/07\/10\/palco-premier-43\/","title":{"rendered":"Palco premier"},"content":{"rendered":"<p>= Barquisimeto, Venezuela, si har\u00e1 la Serie del Caribe.<\/p>\n<p>= Definido el rol: M\u00e9xico descansar\u00e1 en la fecha inaugural<\/p>\n<p>= Todo listo para el draft de la Liga Mexicana del Pac\u00ecfico<\/p>\n<p>= En Liga JAPAC se recicla la \u00faltima final: Padres-JAPAC<\/p>\n<p>&nbsp;<\/p>\n<p>Jorge Luis Telles Salazar<\/p>\n<p>&nbsp;<\/p>\n<p>A pesar de lo dif\u00edcil de sus circunstancias internas \u2013 tanto en lo econ\u00f3mico, como en lo pol\u00edtico y lo social \u2013 la ciudad de Barquisimeto, Venezuela, ratific\u00f3 su intenci\u00f3n de celebrar la Serie del Caribe para febrero del a\u00f1o entrante y tras llenar el requisito fue confirmada como sede oficial, para 2019, por la Confederaci\u00f3n de Ligas del Caribe.<\/p>\n<p>Barquisimeto hab\u00eda obtenido ya la anfitrion\u00eda de la competencia para 2018, misma que \u00a0le hab\u00eda sido otorgada en el curso de la Serie del Caribe 2017, escenificada precisamente aqu\u00ed en Culiac\u00e1n; sin embargo, la plaza de los Cardenales de Lara \u2013 provincia oriental de la republica bolivariana \u2013 no recibi\u00f3, de entrada, el aval del presidente Nicol\u00e1s Maduro y fue por eso que, en tiempo y forma, renunci\u00f3 a la organizaci\u00f3n del evento.<\/p>\n<p>\u00bfY quien salv\u00f3 la continuidad de la competencia? La Liga Mexicana del Pacifico, por supuesto. Guadalajara se ech\u00f3 ese saco a cuestas y aunque ni tan siquiera se aproxim\u00f3 a lo hecho por Culiac\u00e1n, finalmente logr\u00f3 salvar la tarea, que era lo m\u00e1s importante.<\/p>\n<p>Ahora s\u00ed, un Nicol\u00e1s Maduro visiblemente interesado en recomponer la imagen de Venezuela al exterior, otorg\u00f3 su respaldo al Estado de Lara para la realizaci\u00f3n de la Serie del Caribe 2019 y Barquisimeto ha dado ya los primeros pasos en firme hacia esa direcci\u00f3n. Los dirigentes de los Cardenales de Lara quedaron gratamente impresionados de lo que vieron aqu\u00ed en Culiac\u00e1n, en febrero de 2017 y su anhelo es igualar, por lo menos, el nivel de aquel magno evento.<\/p>\n<p>Suerte.<\/p>\n<p>= DEFINIDO EL CALENDARIO DE JUEGOS =<\/p>\n<p>Y bien.<\/p>\n<p>La cosa est\u00e1 tan avanzada que en la reuni\u00f3n del pasado fin de semana \u2013 en la propia Barquisimeto \u2013 ya hasta qued\u00f3 aprobado el calendario de juegos del torneo, a celebrarse a partir del 02 y hasta el 08 de febrero del a\u00f1o entrante.<\/p>\n<p>Bajo esta circunstancia, el equipo campe\u00f3n de la Liga Mexicana del Pac\u00edfico (que habitualmente es designado para hacerle frente al anfitri\u00f3n en la jornada inaugural) descansar\u00eda el primer d\u00eda de competencias, para sostener cuatro juegos consecutivos, bajo el siguiente orden: Puerto Rico, Cuba, Venezuela y Rep\u00fablica Dominicana.<\/p>\n<p>En la primera fecha se medir\u00edan dominicanos contra cubanos y venezolanos frente a puertorrique\u00f1os en el partido estelar.<\/p>\n<p>El sistema de competencias a aplicar ser\u00eda exactamente el mismo de por lo menos los \u00faltimos cinco a\u00f1os: calificar\u00edan cuatro a semifinales y solo uno quedar\u00eda eliminado. En una semifinal, chocar\u00eda el equipo l\u00edder contra el ocupante del cuarto puesto; en el otro, segundo contra tercero.<\/p>\n<p>Los dos ganadores disputar\u00edan el t\u00edtulo de la Serie del Caribe 2019, a las 3 de la tarde del 08 de febrero.<\/p>\n<p>Con esta informaci\u00f3n, no cabe duda ya de que Barquisimeto est\u00e1 en camino de organizar la fiesta beisbolera del mar Caribe el a\u00f1o venidero y ahora es de \u201csi o si\u201d. Ya no habr\u00eda tiempo para una sede emergente.<\/p>\n<p>Vamos, ni tan siquiera en nuestro pa\u00eds.<\/p>\n<p>\u00bfO s\u00ed?<\/p>\n<p>= DRAFT A LA VISTA: EN HERMOSILLO =<\/p>\n<p>Por cierto.<\/p>\n<p>Aqu\u00ed en la Liga Mexicana del Pac\u00edfico, todo listo para la celebraci\u00f3n de la nueva junta de directivos, que tendr\u00e1 un solo punto en su orden del d\u00eda: el anhelado draft, que involucra tanto a jugadores nacionales como extranjeros.<\/p>\n<p>Esa reuni\u00f3n tendr\u00e1 lugar el 19 del presente, en la ciudad de Hermosillo y ya los directivos de los ocho equipos cuentan con sus respectivos turnos para la selecci\u00f3n de peloteros.<\/p>\n<p>Ya, incluso, los jerarcas de las ocho franquicias tienen considerados hasta los jugadores a elegir; pero, obvio, no lo hacen del conocimiento p\u00fablico por aquello de que sus colegas piensen exactamente en el mismo pelotero. O en los mismos, en un momento dado.<\/p>\n<p>Ya usted sabe, quienes son los peloteros en condiciones de elegibilidad.<\/p>\n<p>Y si no, pues va de nuevo, que nada nos cuesta:<\/p>\n<p>Por el lado de los mexicanos, todos aquellos novatos que no han sido firmados, en primera instancia, por ning\u00fan club; en cuanto a los veteranos, aquellos que est\u00e1n fuera de roster de los equipos con los que militaron la temporada pasada.<\/p>\n<p>En cuanto a los extranjeros, aquellos que militan en la Liga Mexicana de Verano y que no tienen ning\u00fan compromiso con equipo alguno de la Mexicana del Pac\u00edfico. Ser\u00e1n sujetos de draft\u00a0 todos aquellos que causaron baja, antes del cierre del calendario regular. Los que continuaron durante la postemporada est\u00e1n protegidos y no entran al draft, a menos que se d\u00e9 una negociaci\u00f3n de cambio, entre dos equipos.<\/p>\n<p>El draft siempre deja buenos momentos y tambi\u00e9n buenos peloteros para el circuito invernal. Esperemos que ahora no sea la excepci\u00f3n.<\/p>\n<p>Pendientes.<\/p>\n<p>= ARRANCA LA FINAL DE LA LIGA JAPAC =<\/p>\n<p>Por otro lado.<\/p>\n<p>El pr\u00f3ximo domingo, 16 de julio, arrancar\u00e1 la serie final por el t\u00edtulo absoluto de la Liga JAPAC de Beisbol, exactamente entre los mismos protagonistas del a\u00f1o pasado: Padres y JAPAC, el plantel anfitri\u00f3n.<\/p>\n<p>Hace poco menos de un a\u00f1o, Padres se alz\u00f3 con el campeonato. Tuvo que ir hasta un tercer juego; pero lo logr\u00f3, a final de cuentas.<\/p>\n<p>Fue una final apasionante.<\/p>\n<p>Con este antecedente, es de esperarse, de nueva cuenta, una gran serie final entre los dos mismos equipos.<\/p>\n<p>JAPAC, el anfitri\u00f3n, no perdi\u00f3 un solo encuentro durante la temporada ni tampoco en los \u201cplay offs\u201d. Esto, de alg\u00fan modo, los hace favoritos; pero su invicto juega contra la ley de las probabilidades.<\/p>\n<p>Este mi\u00e9rcoles tendr\u00e1 lugar el cl\u00e1sico d\u00eda de medios, en las palapas del parque recreativo de la Junta de Agua Potable y Alcantarillado de Culiac\u00e1n.<\/p>\n<p>Gerencia de JAPAC, directivos de la Liga, managers y jugadores, convivir\u00e1n con los periodistas que cubrieron la temporada y hasta dar\u00e1n a conocer alineaci\u00f3n y pitchers probables para el domingo entrante.<\/p>\n<p>Por all\u00e1 nos vemos.<\/p>\n<p>= EL COLOFON =<\/p>\n<p>Y hasta aqu\u00ed por hoy.<\/p>\n<p>Ya nos vamos, con nuestros deseos de siempre: que Dios los bendiga.<\/p>\n","protected":false},"excerpt":{"rendered":"<p>= Barquisimeto, Venezuela, si har\u00e1 la Serie del Caribe. = Definido el rol: M\u00e9xico descansar\u00e1 en la fecha inaugural = Todo listo para el draft de la Liga Mexicana del Pac\u00ecfico = En Liga JAPAC se recicla la \u00faltima final: Padres-JAPAC &nbsp; Jorge Luis Telles Salazar &nbsp; A pesar de lo dif\u00edcil de sus circunstancias internas \u2013 tanto en lo econ\u00f3mico, como en lo pol\u00edtico y lo social \u2013 la ciudad de Barquisimeto, Venezuela, ratific\u00f3 su intenci\u00f3n de celebrar la Serie del Caribe para febrero del a\u00f1o entrante y tras llenar el requisito fue confirmada como sede oficial, para 2019, por la Confederaci\u00f3n de Ligas del Caribe. Barquisimeto hab\u00eda obtenido ya la anfitrion\u00eda de la competencia para 2018, misma que \u00a0le hab\u00eda sido otorgada en el curso de la Serie del Caribe 2017, escenificada precisamente aqu\u00ed en Culiac\u00e1n; sin embargo, la plaza de los Cardenales de Lara \u2013 provincia oriental de la republica bolivariana \u2013 no recibi\u00f3, de entrada, el aval del presidente Nicol\u00e1s Maduro y fue por eso que, en tiempo y forma, renunci\u00f3 a la organizaci\u00f3n del evento. \u00bfY quien salv\u00f3 la continuidad de la competencia? La Liga Mexicana del Pacifico, por supuesto. Guadalajara se ech\u00f3 ese saco a cuestas y aunque ni tan siquiera se aproxim\u00f3 a lo hecho por Culiac\u00e1n, finalmente logr\u00f3 salvar la tarea, que era lo m\u00e1s importante. Ahora s\u00ed, un Nicol\u00e1s Maduro visiblemente interesado en recomponer la imagen de Venezuela al exterior, otorg\u00f3 su respaldo al Estado de Lara para la realizaci\u00f3n de la Serie del Caribe 2019 y Barquisimeto ha dado ya los primeros pasos en firme hacia esa direcci\u00f3n. Los dirigentes de los Cardenales de Lara quedaron gratamente impresionados de lo que vieron aqu\u00ed en Culiac\u00e1n, en febrero de 2017 y su anhelo es igualar, por lo menos, el nivel de aquel magno evento. Suerte. = DEFINIDO EL CALENDARIO DE JUEGOS = Y bien. La cosa est\u00e1 tan avanzada que en la reuni\u00f3n del pasado fin de semana \u2013 en la propia Barquisimeto \u2013 ya hasta qued\u00f3 aprobado el calendario de juegos del torneo, a celebrarse a partir del 02 y hasta el 08 de febrero del a\u00f1o entrante. Bajo esta circunstancia, el equipo campe\u00f3n de la Liga Mexicana del Pac\u00edfico (que habitualmente es designado para hacerle frente al anfitri\u00f3n en la jornada inaugural) descansar\u00eda el primer d\u00eda de competencias, para sostener cuatro juegos consecutivos, bajo el siguiente orden: Puerto Rico, Cuba, Venezuela y Rep\u00fablica Dominicana. En la primera fecha se medir\u00edan dominicanos contra cubanos y venezolanos frente a puertorrique\u00f1os en el partido estelar. El sistema de competencias a aplicar ser\u00eda exactamente el mismo de por lo menos los \u00faltimos cinco a\u00f1os: calificar\u00edan cuatro a semifinales y solo uno quedar\u00eda eliminado. En una semifinal, chocar\u00eda el equipo l\u00edder contra el ocupante del cuarto puesto; en el otro, segundo contra tercero. Los dos ganadores disputar\u00edan el t\u00edtulo de la Serie del Caribe 2019, a las 3 de la tarde del 08 de febrero. Con esta informaci\u00f3n, no cabe duda ya de que Barquisimeto est\u00e1 en camino de organizar la fiesta beisbolera del mar Caribe el a\u00f1o venidero y ahora es de \u201csi o si\u201d. Ya no habr\u00eda tiempo para una sede emergente. Vamos, ni tan siquiera en nuestro pa\u00eds. \u00bfO s\u00ed? = DRAFT A LA VISTA: EN HERMOSILLO = Por cierto. Aqu\u00ed en la Liga Mexicana del Pac\u00edfico, todo listo para la celebraci\u00f3n de la nueva junta de directivos, que tendr\u00e1 un solo punto en su orden del d\u00eda: el anhelado draft, que involucra tanto a jugadores nacionales como extranjeros. Esa reuni\u00f3n tendr\u00e1 lugar el 19 del presente, en la ciudad de Hermosillo y ya los directivos de los ocho equipos cuentan con sus respectivos turnos para la selecci\u00f3n de peloteros. Ya, incluso, los jerarcas de las ocho franquicias tienen considerados hasta los jugadores a elegir; pero, obvio, no lo hacen del conocimiento p\u00fablico por aquello de que sus colegas piensen exactamente en el mismo pelotero. O en los mismos, en un momento dado. Ya usted sabe, quienes son los peloteros en condiciones de elegibilidad. Y si no, pues va de nuevo, que nada nos cuesta: Por el lado de los mexicanos, todos aquellos novatos que no han sido firmados, en primera instancia, por ning\u00fan club; en cuanto a los veteranos, aquellos que est\u00e1n fuera de roster de los equipos con los que militaron la temporada pasada. En cuanto a los extranjeros, aquellos que militan en la Liga Mexicana de Verano y que no tienen ning\u00fan compromiso con equipo alguno de la Mexicana del Pac\u00edfico. Ser\u00e1n sujetos de draft\u00a0 todos aquellos que causaron baja, antes del cierre del calendario regular. Los que continuaron durante la postemporada est\u00e1n protegidos y no entran al draft, a menos que se d\u00e9 una negociaci\u00f3n de cambio, entre dos equipos. El draft siempre deja buenos momentos y tambi\u00e9n buenos peloteros para el circuito invernal. Esperemos que ahora no sea la excepci\u00f3n. Pendientes. = ARRANCA LA FINAL DE LA LIGA JAPAC = Por otro lado. El pr\u00f3ximo domingo, 16 de julio, arrancar\u00e1 la serie final por el t\u00edtulo absoluto de la Liga JAPAC de Beisbol, exactamente entre los mismos protagonistas del a\u00f1o pasado: Padres y JAPAC, el plantel anfitri\u00f3n. Hace poco menos de un a\u00f1o, Padres se alz\u00f3 con el campeonato. Tuvo que ir hasta un tercer juego; pero lo logr\u00f3, a final de cuentas. Fue una final apasionante. Con este antecedente, es de esperarse, de nueva cuenta, una gran serie final entre los dos mismos equipos. JAPAC, el anfitri\u00f3n, no perdi\u00f3 un solo encuentro durante la temporada ni tampoco en los \u201cplay offs\u201d. Esto, de alg\u00fan modo, los hace favoritos; pero su invicto juega contra la ley de las probabilidades. Este mi\u00e9rcoles tendr\u00e1 lugar el cl\u00e1sico d\u00eda de medios, en las palapas del parque recreativo de la Junta de Agua Potable y Alcantarillado de Culiac\u00e1n. Gerencia de JAPAC, directivos de la Liga, managers y jugadores, convivir\u00e1n con los periodistas que cubrieron la temporada y hasta dar\u00e1n a conocer alineaci\u00f3n y pitchers probables para el domingo entrante. Por all\u00e1 nos vemos. = EL COLOFON = Y hasta aqu\u00ed por hoy. Ya nos vamos, con nuestros deseos de siempre: que Dios los bendiga.<\/p>\n","protected":false},"author":1,"featured_media":5501,"comment_status":"closed","ping_status":"closed","sticky":false,"template":"","format":"standard","meta":{"footnotes":""},"categories":[3],"tags":[],"class_list":["post-5500","post","type-post","status-publish","format-standard","has-post-thumbnail","hentry","category-noticias"],"_links":{"self":[{"href":"https:\/\/web.tomateros.online\/index.php\/wp-json\/wp\/v2\/posts\/5500","targetHints":{"allow":["GET"]}}],"collection":[{"href":"https:\/\/web.tomateros.online\/index.php\/wp-json\/wp\/v2\/posts"}],"about":[{"href":"https:\/\/web.tomateros.online\/index.php\/wp-json\/wp\/v2\/types\/post"}],"author":[{"embeddable":true,"href":"https:\/\/web.tomateros.online\/index.php\/wp-json\/wp\/v2\/users\/1"}],"replies":[{"embeddable":true,"href":"https:\/\/web.tomateros.online\/index.php\/wp-json\/wp\/v2\/comments?post=5500"}],"version-history":[{"count":0,"href":"https:\/\/web.tomateros.online\/index.php\/wp-json\/wp\/v2\/posts\/5500\/revisions"}],"wp:featuredmedia":[{"embeddable":true,"href":"https:\/\/web.tomateros.online\/index.php\/wp-json\/wp\/v2\/media\/5501"}],"wp:attachment":[{"href":"https:\/\/web.tomateros.online\/index.php\/wp-json\/wp\/v2\/media?parent=5500"}],"wp:term":[{"taxonomy":"category","embeddable":true,"href":"https:\/\/web.tomateros.online\/index.php\/wp-json\/wp\/v2\/categories?post=5500"},{"taxonomy":"post_tag","embeddable":true,"href":"https:\/\/web.tomateros.online\/index.php\/wp-json\/wp\/v2\/tags?post=5500"}],"curies":[{"name":"wp","href":"https:\/\/api.w.org\/{rel}","templated":true}]}}