{"id":6967,"date":"2019-05-31T15:23:37","date_gmt":"2019-05-31T22:23:37","guid":{"rendered":"http:\/\/www.tomateros.com.mx\/?p=6967"},"modified":"2019-05-31T15:23:37","modified_gmt":"2019-05-31T22:23:37","slug":"eduardo-valenzuela-regresa-tomateros-culiacan","status":"publish","type":"post","link":"https:\/\/web.tomateros.online\/index.php\/2019\/05\/31\/eduardo-valenzuela-regresa-tomateros-culiacan\/","title":{"rendered":"EDUARDO VALENZUELA REGRESA CON TOMATEROS DE CULIAC\u00c1N"},"content":{"rendered":"<p>La directiva de Tomateros de Culiac\u00e1n anuncia el regreso de Eduardo Valenzuela, quien a partir de ahora fungir\u00e1 como Gerente de Operaciones dentro de la organizaci\u00f3n guinda.<\/p>\n<p>Valenzuela tuvo una primera etapa en la que cosech\u00f3 m\u00faltiples \u00e9xitos. El expelotero profesional ingres\u00f3 a las filas de los once veces campeones el 24 de octubre de 2001 como Gerente Deportivo y se present\u00f3 con t\u00edtulo de Liga Mexicana del Pac\u00edfico (LMP), as\u00ed como de Serie del Caribe en Caracas 2002.<\/p>\n<p>A partir de 2003 y hasta 2007, \u00abGuayo\u00bb asumi\u00f3 el cargo de Gerente General. En ese periodo, los Tomateros ganaron el campeonato en la temporada 2003-04 y finalizaron segundos en la Serie del Caribe de Santo Domingo 2004.<\/p>\n<p>Su talento, conocimiento y amplia experiencia, vienen a sumar dentro del esfuerzo institucional por brindarle la duod\u00e9cima corona a la Naci\u00f3n Guinda, esta pr\u00f3xima campa\u00f1a 2019-20, que inicia el 12 de octubre.<\/p>\n","protected":false},"excerpt":{"rendered":"<p>La directiva de Tomateros de Culiac\u00e1n anuncia el regreso de Eduardo Valenzuela, quien a partir de ahora fungir\u00e1 como Gerente de Operaciones dentro de la organizaci\u00f3n guinda. Valenzuela tuvo una primera etapa en la que cosech\u00f3 m\u00faltiples \u00e9xitos. El expelotero profesional ingres\u00f3 a las filas de los once veces campeones el 24 de octubre de 2001 como Gerente Deportivo y se present\u00f3 con t\u00edtulo de Liga Mexicana del Pac\u00edfico (LMP), as\u00ed como de Serie del Caribe en Caracas 2002. A partir de 2003 y hasta 2007, \u00abGuayo\u00bb asumi\u00f3 el cargo de Gerente General. En ese periodo, los Tomateros ganaron el campeonato en la temporada 2003-04 y finalizaron segundos en la Serie del Caribe de Santo Domingo 2004. Su talento, conocimiento y amplia experiencia, vienen a sumar dentro del esfuerzo institucional por brindarle la duod\u00e9cima corona a la Naci\u00f3n Guinda, esta pr\u00f3xima campa\u00f1a 2019-20, que inicia el 12 de octubre.<\/p>\n","protected":false},"author":1,"featured_media":6968,"comment_status":"closed","ping_status":"closed","sticky":false,"template":"","format":"standard","meta":{"footnotes":""},"categories":[3],"tags":[],"class_list":["post-6967","post","type-post","status-publish","format-standard","has-post-thumbnail","hentry","category-noticias"],"_links":{"self":[{"href":"https:\/\/web.tomateros.online\/index.php\/wp-json\/wp\/v2\/posts\/6967","targetHints":{"allow":["GET"]}}],"collection":[{"href":"https:\/\/web.tomateros.online\/index.php\/wp-json\/wp\/v2\/posts"}],"about":[{"href":"https:\/\/web.tomateros.online\/index.php\/wp-json\/wp\/v2\/types\/post"}],"author":[{"embeddable":true,"href":"https:\/\/web.tomateros.online\/index.php\/wp-json\/wp\/v2\/users\/1"}],"replies":[{"embeddable":true,"href":"https:\/\/web.tomateros.online\/index.php\/wp-json\/wp\/v2\/comments?post=6967"}],"version-history":[{"count":0,"href":"https:\/\/web.tomateros.online\/index.php\/wp-json\/wp\/v2\/posts\/6967\/revisions"}],"wp:featuredmedia":[{"embeddable":true,"href":"https:\/\/web.tomateros.online\/index.php\/wp-json\/wp\/v2\/media\/6968"}],"wp:attachment":[{"href":"https:\/\/web.tomateros.online\/index.php\/wp-json\/wp\/v2\/media?parent=6967"}],"wp:term":[{"taxonomy":"category","embeddable":true,"href":"https:\/\/web.tomateros.online\/index.php\/wp-json\/wp\/v2\/categories?post=6967"},{"taxonomy":"post_tag","embeddable":true,"href":"https:\/\/web.tomateros.online\/index.php\/wp-json\/wp\/v2\/tags?post=6967"}],"curies":[{"name":"wp","href":"https:\/\/api.w.org\/{rel}","templated":true}]}}