{"id":7533,"date":"2019-12-03T11:35:07","date_gmt":"2019-12-03T18:35:07","guid":{"rendered":"http:\/\/www.tomateros.com.mx\/?p=7533"},"modified":"2019-12-03T11:35:07","modified_gmt":"2019-12-03T18:35:07","slug":"viene-navarro-escribir-historia-guinda-bat","status":"publish","type":"post","link":"https:\/\/web.tomateros.online\/index.php\/2019\/12\/03\/viene-navarro-escribir-historia-guinda-bat\/","title":{"rendered":"VIENE NAVARRO A ESCRIBIR HISTORIA GUINDA CON SU BAT"},"content":{"rendered":"<p><strong>Culiac\u00e1n, Sinaloa a 03 de diciembre del 2019.-<\/strong>\u00a0A finales de octubre del presente a\u00f1o, Efr\u00e9n Navarro se preparaba para jugar por primera vez en el Premier 12, en algo que para \u00e9l se ha convertido en una responsabilidad habitual: ponerse el jersey de M\u00e9xico.<\/p>\n<p>En medio de la b\u00fasqueda de un sitio en los Juegos Ol\u00edmpicos de Tokio 2020, Navarro se encontr\u00f3 con un giro en su trayectoria invernal. Tomateros de Culiac\u00e1n lo obten\u00eda v\u00eda cambio, procedente de Naranjeros de Hermosillo.<\/p>\n<p>El sue\u00f1o ol\u00edmpico se cumpli\u00f3. Con imparable suyo, M\u00e9xico derrot\u00f3 a los Estados Unidos 3-2 el 17 de noviembre y con la medalla de bronce en la bolsa, tambi\u00e9n lleg\u00f3 la primera clasificaci\u00f3n tricolor a la justa ol\u00edmpica.<\/p>\n<p>Ahora le lleg\u00f3 a Efr\u00e9n el momento de vestirse de tomatero: \u201cvamos con todo guindas\u201d, fueron algunas de sus primeras palabras tras arribar a Culiac\u00e1n, este lunes 2 de diciembre.<\/p>\n<p>\u201cYa s\u00e9 que la fanaticada y la organizaci\u00f3n, ya s\u00e9 que tienen expectativas grandes para m\u00ed y no pienso defraudar nada de eso\u201d, agreg\u00f3 Navarro en sus primeros momentos dentro de la Naci\u00f3n Guinda.<\/p>\n<p>El primera base y jardinero zurdo, entiende d\u00f3nde est\u00e1 parado, as\u00ed como lo mucho que merece los seguidores de Tomateros: \u201cyo s\u00e9 que esperan mucho de m\u00ed y necesito hacer mi jale\u201d, nos dijo en su primera entrevista como miembro de los Tomateros.<\/p>\n<p>Aquel imparable que le dio a Caleb Thielbar, para traer la carrera que llev\u00f3 a M\u00e9xico a Tokio 2020, fue una haza\u00f1a inolvidable, que ya pudo compartir con algunos de sus nuevos compa\u00f1eros.<\/p>\n<p>\u201cSe lo dije a Vargas (Jos\u00e9), Vargas estaba atr\u00e1s de m\u00ed y yo le dije a Vargas, voy a hacer mi trabajo aqu\u00ed, vamos a ir a las Olimpiadas\u201d, recuerda sobre el momento coyuntural en la historia del b\u00e9isbol mexicano.<\/p>\n<p>\u201cLevantamos a M\u00e9xico, la bandera mexicana y el deporte de b\u00e9isbol\u201d. \u201cTen\u00eda una gran responsabilidad de hacer mi jale ah\u00ed y gracias a Dios todo sali\u00f3\u201d, recuerda el ca\u00f1onero sobre el m\u00e1s reciente Premier 12.<\/p>\n<p>Navarro jugar\u00e1 su cuarta temporada en Liga Mexicana del Pac\u00edfico (LMP). En 158 juegos acumula 78 carreras impulsadas y su OBP de por vida es de .355.<\/p>\n","protected":false},"excerpt":{"rendered":"<p>Culiac\u00e1n, Sinaloa a 03 de diciembre del 2019.-\u00a0A finales de octubre del presente a\u00f1o, Efr\u00e9n Navarro se preparaba para jugar por primera vez en el Premier 12, en algo que para \u00e9l se ha convertido en una responsabilidad habitual: ponerse el jersey de M\u00e9xico. En medio de la b\u00fasqueda de un sitio en los Juegos Ol\u00edmpicos de Tokio 2020, Navarro se encontr\u00f3 con un giro en su trayectoria invernal. Tomateros de Culiac\u00e1n lo obten\u00eda v\u00eda cambio, procedente de Naranjeros de Hermosillo. El sue\u00f1o ol\u00edmpico se cumpli\u00f3. Con imparable suyo, M\u00e9xico derrot\u00f3 a los Estados Unidos 3-2 el 17 de noviembre y con la medalla de bronce en la bolsa, tambi\u00e9n lleg\u00f3 la primera clasificaci\u00f3n tricolor a la justa ol\u00edmpica. Ahora le lleg\u00f3 a Efr\u00e9n el momento de vestirse de tomatero: \u201cvamos con todo guindas\u201d, fueron algunas de sus primeras palabras tras arribar a Culiac\u00e1n, este lunes 2 de diciembre. \u201cYa s\u00e9 que la fanaticada y la organizaci\u00f3n, ya s\u00e9 que tienen expectativas grandes para m\u00ed y no pienso defraudar nada de eso\u201d, agreg\u00f3 Navarro en sus primeros momentos dentro de la Naci\u00f3n Guinda. El primera base y jardinero zurdo, entiende d\u00f3nde est\u00e1 parado, as\u00ed como lo mucho que merece los seguidores de Tomateros: \u201cyo s\u00e9 que esperan mucho de m\u00ed y necesito hacer mi jale\u201d, nos dijo en su primera entrevista como miembro de los Tomateros. Aquel imparable que le dio a Caleb Thielbar, para traer la carrera que llev\u00f3 a M\u00e9xico a Tokio 2020, fue una haza\u00f1a inolvidable, que ya pudo compartir con algunos de sus nuevos compa\u00f1eros. \u201cSe lo dije a Vargas (Jos\u00e9), Vargas estaba atr\u00e1s de m\u00ed y yo le dije a Vargas, voy a hacer mi trabajo aqu\u00ed, vamos a ir a las Olimpiadas\u201d, recuerda sobre el momento coyuntural en la historia del b\u00e9isbol mexicano. \u201cLevantamos a M\u00e9xico, la bandera mexicana y el deporte de b\u00e9isbol\u201d. \u201cTen\u00eda una gran responsabilidad de hacer mi jale ah\u00ed y gracias a Dios todo sali\u00f3\u201d, recuerda el ca\u00f1onero sobre el m\u00e1s reciente Premier 12. Navarro jugar\u00e1 su cuarta temporada en Liga Mexicana del Pac\u00edfico (LMP). En 158 juegos acumula 78 carreras impulsadas y su OBP de por vida es de .355.<\/p>\n","protected":false},"author":1,"featured_media":7534,"comment_status":"closed","ping_status":"closed","sticky":false,"template":"","format":"standard","meta":{"footnotes":""},"categories":[3],"tags":[],"class_list":["post-7533","post","type-post","status-publish","format-standard","has-post-thumbnail","hentry","category-noticias"],"_links":{"self":[{"href":"https:\/\/web.tomateros.online\/index.php\/wp-json\/wp\/v2\/posts\/7533","targetHints":{"allow":["GET"]}}],"collection":[{"href":"https:\/\/web.tomateros.online\/index.php\/wp-json\/wp\/v2\/posts"}],"about":[{"href":"https:\/\/web.tomateros.online\/index.php\/wp-json\/wp\/v2\/types\/post"}],"author":[{"embeddable":true,"href":"https:\/\/web.tomateros.online\/index.php\/wp-json\/wp\/v2\/users\/1"}],"replies":[{"embeddable":true,"href":"https:\/\/web.tomateros.online\/index.php\/wp-json\/wp\/v2\/comments?post=7533"}],"version-history":[{"count":0,"href":"https:\/\/web.tomateros.online\/index.php\/wp-json\/wp\/v2\/posts\/7533\/revisions"}],"wp:featuredmedia":[{"embeddable":true,"href":"https:\/\/web.tomateros.online\/index.php\/wp-json\/wp\/v2\/media\/7534"}],"wp:attachment":[{"href":"https:\/\/web.tomateros.online\/index.php\/wp-json\/wp\/v2\/media?parent=7533"}],"wp:term":[{"taxonomy":"category","embeddable":true,"href":"https:\/\/web.tomateros.online\/index.php\/wp-json\/wp\/v2\/categories?post=7533"},{"taxonomy":"post_tag","embeddable":true,"href":"https:\/\/web.tomateros.online\/index.php\/wp-json\/wp\/v2\/tags?post=7533"}],"curies":[{"name":"wp","href":"https:\/\/api.w.org\/{rel}","templated":true}]}}