{"id":9152,"date":"2021-09-06T13:11:16","date_gmt":"2021-09-06T20:11:16","guid":{"rendered":"http:\/\/www.tomateros.com.mx\/?p=9152"},"modified":"2021-09-06T13:11:16","modified_gmt":"2021-09-06T20:11:16","slug":"experiencia-da-forma-la-profundidad-del-los-guindas","status":"publish","type":"post","link":"https:\/\/web.tomateros.online\/index.php\/2021\/09\/06\/experiencia-da-forma-la-profundidad-del-los-guindas\/","title":{"rendered":"EXPERIENCIA QUE DA FORMA A LA PROFUNDIDAD"},"content":{"rendered":"<p><iframe title=\"\u00a1INICIAMOS LA SEMANA!\ud83d\udcaa\ud83c\udffb\" width=\"960\" height=\"540\" src=\"https:\/\/www.youtube.com\/embed\/rrmZBotipxI?feature=oembed\" frameborder=\"0\" allow=\"accelerometer; autoplay; clipboard-write; encrypted-media; gyroscope; picture-in-picture; web-share\" allowfullscreen><\/iframe><\/p>\n<p style=\"text-align: right;\">Fernando Esquer | Comunicaci\u00f3n Tomateros<\/p>\n<p>La mezcla precisa entre experiencia y juventud, suele ser una de las claves para construir equipos ganadores.<\/p>\n<p>As\u00ed como Tomateros de Culiac\u00e1n posee jugadores j\u00f3venes que pronto han respondido a la exigencia y alto grado de presi\u00f3n, tambi\u00e9n tiene en su roster experimentados como Alan S\u00e1nchez y Jes\u00fas Adri\u00e1n Castillo Ripalda, quienes adem\u00e1s de aportar en sus roles espec\u00edficos, brindan su experiencia al resto de los compa\u00f1eros.<\/p>\n<p>Castillo Ripalda destac\u00f3 durante la 2020-21 como relevista de sexta y s\u00e9ptima entrada. En 17 juegos y 18 1\/3 EL, tan solo permiti\u00f3 2 CL y su WHIP fue de 0.93. Regal\u00f3 4 BB por 16 K.<\/p>\n<p>El derecho, nativo de Nogales, ha conquistado ya cuatro campeonatos con los Tomateros, pero viene por m\u00e1s. \u201cCon \u00e1nimo para ser campeones de nuevo y como dicen, vamos por el catorce\u201d, expres\u00f3 previo a la pr\u00e1ctica de este lunes en el Estadio Tomateros.<\/p>\n<p>Alan S\u00e1nchez por su parte, encontr\u00f3 en la organizaci\u00f3n, la posibilidad de levantar trofeos por primera vez en su carrera profesional.<\/p>\n<p>\u201cAlgo muy significativo para m\u00ed, es haber ca\u00eddo aqu\u00ed a Tomateros de Culiac\u00e1n. Ya tengo dos temporadas, tengo los dos campeonatos, el bicampeonato. Nunca hab\u00eda sido campe\u00f3n en mi carrera, en Liga (Arco) Mexicana del Pacifico ni en verano y la verdad creo que es algo muy grande y muy especial para m\u00ed\u201d, dijo el jardinero sinaloense.<\/p>\n<p>S\u00e1nchez sabe que lo conseguido queda atr\u00e1s y el enfoque ahora, est\u00e1 puesto en el trabajo hacia la pr\u00f3xima meta: \u201cvenimos al 100%, tanto en lo f\u00edsico, como mental. La \u00fanica meta, tanto m\u00eda como de mis compa\u00f1eros, es el tricampeonato\u201d, concluy\u00f3.<\/p>\n<p><iframe title=\"ENTREVISTA CON ALAN S\u00c1NCHEZ \ud83c\udf99\" width=\"960\" height=\"540\" src=\"https:\/\/www.youtube.com\/embed\/rBtfi-AwvmA?feature=oembed\" frameborder=\"0\" allow=\"accelerometer; autoplay; clipboard-write; encrypted-media; gyroscope; picture-in-picture; web-share\" allowfullscreen><\/iframe><\/p>\n<p>CUARTO D\u00cdA DE PRETEMPORADA<\/p>\n<p>El sol fue uno de los protagonistas de principio a fin, en la pr\u00e1ctica de este lunes, que inici\u00f3 a las 8:45 AM. El trabajo se dividi\u00f3 en par de grupos, que completaron actividades de estiramiento, calentamiento de brazo, as\u00ed como trabajo de fildeo dentro del cuadro.<\/p>\n<p>Este\u00a0martes Tomateros tiene una nueva cita para practicar, con la misma hora de inicio, en la casa de la Naci\u00f3n Guinda.<\/p>\n<blockquote class=\"twitter-tweet\" data-width=\"550\" data-dnt=\"true\">\n<p lang=\"und\" dir=\"ltr\">\u26be\ufe0f + \u2600\ufe0f + \ud83c\udfdf = \ud83e\udd29 <a href=\"https:\/\/t.co\/MlHoJj5lX3\">pic.twitter.com\/MlHoJj5lX3<\/a><\/p>\n<p>&mdash; Tomateros de Culiac\u00e1n (@clubtomateros) <a href=\"https:\/\/twitter.com\/clubtomateros\/status\/1434951021525094400?ref_src=twsrc%5Etfw\">September 6, 2021<\/a><\/p><\/blockquote>\n<p><script async src=\"https:\/\/platform.twitter.com\/widgets.js\" charset=\"utf-8\"><\/script><\/p>\n","protected":false},"excerpt":{"rendered":"<p>Fernando Esquer | Comunicaci\u00f3n Tomateros La mezcla precisa entre experiencia y juventud, suele ser una de las claves para construir equipos ganadores. As\u00ed como Tomateros de Culiac\u00e1n posee jugadores j\u00f3venes que pronto han respondido a la exigencia y alto grado de presi\u00f3n, tambi\u00e9n tiene en su roster experimentados como Alan S\u00e1nchez y Jes\u00fas Adri\u00e1n Castillo Ripalda, quienes adem\u00e1s de aportar en sus roles espec\u00edficos, brindan su experiencia al resto de los compa\u00f1eros. Castillo Ripalda destac\u00f3 durante la 2020-21 como relevista de sexta y s\u00e9ptima entrada. En 17 juegos y 18 1\/3 EL, tan solo permiti\u00f3 2 CL y su WHIP fue de 0.93. Regal\u00f3 4 BB por 16 K. El derecho, nativo de Nogales, ha conquistado ya cuatro campeonatos con los Tomateros, pero viene por m\u00e1s. \u201cCon \u00e1nimo para ser campeones de nuevo y como dicen, vamos por el catorce\u201d, expres\u00f3 previo a la pr\u00e1ctica de este lunes en el Estadio Tomateros. Alan S\u00e1nchez por su parte, encontr\u00f3 en la organizaci\u00f3n, la posibilidad de levantar trofeos por primera vez en su carrera profesional. \u201cAlgo muy significativo para m\u00ed, es haber ca\u00eddo aqu\u00ed a Tomateros de Culiac\u00e1n. Ya tengo dos temporadas, tengo los dos campeonatos, el bicampeonato. Nunca hab\u00eda sido campe\u00f3n en mi carrera, en Liga (Arco) Mexicana del Pacifico ni en verano y la verdad creo que es algo muy grande y muy especial para m\u00ed\u201d, dijo el jardinero sinaloense. S\u00e1nchez sabe que lo conseguido queda atr\u00e1s y el enfoque ahora, est\u00e1 puesto en el trabajo hacia la pr\u00f3xima meta: \u201cvenimos al 100%, tanto en lo f\u00edsico, como mental. La \u00fanica meta, tanto m\u00eda como de mis compa\u00f1eros, es el tricampeonato\u201d, concluy\u00f3. CUARTO D\u00cdA DE PRETEMPORADA El sol fue uno de los protagonistas de principio a fin, en la pr\u00e1ctica de este lunes, que inici\u00f3 a las 8:45 AM. El trabajo se dividi\u00f3 en par de grupos, que completaron actividades de estiramiento, calentamiento de brazo, as\u00ed como trabajo de fildeo dentro del cuadro. Este\u00a0martes Tomateros tiene una nueva cita para practicar, con la misma hora de inicio, en la casa de la Naci\u00f3n Guinda. \u26be\ufe0f + \u2600\ufe0f + \ud83c\udfdf = \ud83e\udd29 pic.twitter.com\/MlHoJj5lX3 &mdash; Tomateros de Culiac\u00e1n (@clubtomateros) September 6, 2021<\/p>\n","protected":false},"author":1,"featured_media":9163,"comment_status":"closed","ping_status":"closed","sticky":false,"template":"","format":"standard","meta":{"footnotes":""},"categories":[3],"tags":[109],"class_list":["post-9152","post","type-post","status-publish","format-standard","has-post-thumbnail","hentry","category-noticias","tag-tomateros-de-culiacan-pretemporada"],"_links":{"self":[{"href":"https:\/\/web.tomateros.online\/index.php\/wp-json\/wp\/v2\/posts\/9152","targetHints":{"allow":["GET"]}}],"collection":[{"href":"https:\/\/web.tomateros.online\/index.php\/wp-json\/wp\/v2\/posts"}],"about":[{"href":"https:\/\/web.tomateros.online\/index.php\/wp-json\/wp\/v2\/types\/post"}],"author":[{"embeddable":true,"href":"https:\/\/web.tomateros.online\/index.php\/wp-json\/wp\/v2\/users\/1"}],"replies":[{"embeddable":true,"href":"https:\/\/web.tomateros.online\/index.php\/wp-json\/wp\/v2\/comments?post=9152"}],"version-history":[{"count":0,"href":"https:\/\/web.tomateros.online\/index.php\/wp-json\/wp\/v2\/posts\/9152\/revisions"}],"wp:featuredmedia":[{"embeddable":true,"href":"https:\/\/web.tomateros.online\/index.php\/wp-json\/wp\/v2\/media\/9163"}],"wp:attachment":[{"href":"https:\/\/web.tomateros.online\/index.php\/wp-json\/wp\/v2\/media?parent=9152"}],"wp:term":[{"taxonomy":"category","embeddable":true,"href":"https:\/\/web.tomateros.online\/index.php\/wp-json\/wp\/v2\/categories?post=9152"},{"taxonomy":"post_tag","embeddable":true,"href":"https:\/\/web.tomateros.online\/index.php\/wp-json\/wp\/v2\/tags?post=9152"}],"curies":[{"name":"wp","href":"https:\/\/api.w.org\/{rel}","templated":true}]}}