{"id":9413,"date":"2021-09-20T12:48:11","date_gmt":"2021-09-20T19:48:11","guid":{"rendered":"http:\/\/www.tomateros.com.mx\/?p=9413"},"modified":"2021-09-20T12:48:11","modified_gmt":"2021-09-20T19:48:11","slug":"emmanuel-avila-objetivos-altos","status":"publish","type":"post","link":"https:\/\/web.tomateros.online\/index.php\/2021\/09\/20\/emmanuel-avila-objetivos-altos\/","title":{"rendered":"EMMANUEL \u00c1VILA: OBJETIVOS ALTOS"},"content":{"rendered":"<p style=\"text-align: right;\">Carlos Zazueta\u00a0| Comunicaci\u00f3n Tomateros<\/p>\n<p>La versatilidad que posee Jes\u00fas Emmanuel \u00c1vila tiene nuevo jersey, y ya lo porta con orgullo al enfundarse con la camisola de los Tomateros de Culiac\u00e1n; para el nativo de Los Mochis, Sinaloa, la experiencia de jugar con los guindas, es gran motivo de gratitud.<\/p>\n<p>\u201cMuy contento, agradecido con Dios otra vez, por darme la oportunidad de jugar y estar con un gran equipo que es Tomateros de Culiac\u00e1n, fueron algunas de las primeras expresiones de \u00c1vila tras su llegada a los entrenamientos previos a la campa\u00f1a 2021-22.<\/p>\n<p>Algo que adem\u00e1s caracteriz\u00f3 el arribo del jugador de cuadro, fue la intensidad que gener\u00f3 en s\u00ed mismo, este acontecimiento: \u201cla verdad, ansioso que empiece la temporada para poder jugar y llevar estos colores que la verdad, tienen mucha trayectoria\u201d, expres\u00f3.<\/p>\n<p>\u00c1vila viene de ganar el guante de oro, como el mejor tercera base defensivo de la Liga Arco Mexicana del Pac\u00edfico, en la temporada 2020-21. Sin embargo, tiene experiencia tambi\u00e9n como segunda base y shortstop. De hecho, este a\u00f1o con Diablos Rojos del M\u00e9xico, particip\u00f3 en catorce juegos como campocorto.<\/p>\n<blockquote class=\"twitter-tweet\" data-width=\"550\" data-dnt=\"true\">\n<p lang=\"es\" dir=\"ltr\">ENTREVISTA EMMANUEL \u00c1VILA \ud83c\udf99<\/p>\n<p>\u201cAnsioso que empiece la temporada para poder jugar y llevar estos colores que tienen mucha trayectoria, muy contento\u201d.<\/p>\n<p>Esto fue lo que nos dijo tras su llegada al equipo bicampe\u00f3n\ud83d\udc4c\ud83c\udffb. <a href=\"https:\/\/t.co\/wvpaqM3kdW\">pic.twitter.com\/wvpaqM3kdW<\/a><\/p>\n<p>&mdash; Tomateros de Culiac\u00e1n (@clubtomateros) <a href=\"https:\/\/twitter.com\/clubtomateros\/status\/1439693808506134539?ref_src=twsrc%5Etfw\">September 19, 2021<\/a><\/p><\/blockquote>\n<p><script async src=\"https:\/\/platform.twitter.com\/widgets.js\" charset=\"utf-8\"><\/script><\/p>\n<p>No obstante, su meta en la caja de bateo, se proyecta hacia las alturas: \u201csiempre he querido, buscado siempre, ganar un campeonato de bateo y qu\u00e9 m\u00e1s, ojal\u00e1 poder ganarlo con este equipo\u201d, confes\u00f3.<\/p>\n<p>El t\u00edtulo de bateo, no es algo que haya estado muy lejos de su alcance en el pasado. En la 2013-14 con Ca\u00f1eros, promedi\u00f3 .311 y finaliz\u00f3 cuarto de toda la Liga Arco.<\/p>\n<p>A sus 32 a\u00f1os, comenzar\u00e1 a escribir nuevo cap\u00edtulo en su carrera, con su quinto equipo en la antes llamada Liga Mexicana del Pac\u00edfico. Previamente, fue miembro de Ca\u00f1eros, \u00c1guilas, Yaquis y Algodoneros.<\/p>\n<blockquote class=\"twitter-tweet\" data-width=\"550\" data-dnt=\"true\">\n<p lang=\"es\" dir=\"ltr\">EL IRON MAN YA EST\u00c1 AQU\u00cd\ud83e\udd29\ud83c\udf45\ud83d\udd25<\/p>\n<p>Emmanuel \u00c1vila se incorpora a nuestro club y est\u00e1 listo para que llegue octubre\ud83d\udcaa\ud83c\udffb. <a href=\"https:\/\/t.co\/0z6m3EutNA\">pic.twitter.com\/0z6m3EutNA<\/a><\/p>\n<p>&mdash; Tomateros de Culiac\u00e1n (@clubtomateros) <a href=\"https:\/\/twitter.com\/clubtomateros\/status\/1439687370379599877?ref_src=twsrc%5Etfw\">September 19, 2021<\/a><\/p><\/blockquote>\n<p><script async src=\"https:\/\/platform.twitter.com\/widgets.js\" charset=\"utf-8\"><\/script><\/p>\n<p><strong>SE CANCELA JUEGO<\/strong><\/p>\n<p>El encuentro de pretemporada que sostendr\u00edan este lunes Tomateros de Culiac\u00e1n y Algodoneros de Guasave, ha sido suspendido definitivamente, debido a las condiciones del terreno de juego del Kuroda Park, ante las constantes lluvias que han ca\u00eddo en la regi\u00f3n.<\/p>\n<p>Tomateros continuar\u00e1n sus trabajos de pretemporada en el estadio de los Tomateros este martes en punto de las 08.30 horas a puerta cerrada.<\/p>\n<p>&nbsp;<\/p>\n","protected":false},"excerpt":{"rendered":"<p>Carlos Zazueta\u00a0| Comunicaci\u00f3n Tomateros La versatilidad que posee Jes\u00fas Emmanuel \u00c1vila tiene nuevo jersey, y ya lo porta con orgullo al enfundarse con la camisola de los Tomateros de Culiac\u00e1n; para el nativo de Los Mochis, Sinaloa, la experiencia de jugar con los guindas, es gran motivo de gratitud. \u201cMuy contento, agradecido con Dios otra vez, por darme la oportunidad de jugar y estar con un gran equipo que es Tomateros de Culiac\u00e1n, fueron algunas de las primeras expresiones de \u00c1vila tras su llegada a los entrenamientos previos a la campa\u00f1a 2021-22. Algo que adem\u00e1s caracteriz\u00f3 el arribo del jugador de cuadro, fue la intensidad que gener\u00f3 en s\u00ed mismo, este acontecimiento: \u201cla verdad, ansioso que empiece la temporada para poder jugar y llevar estos colores que la verdad, tienen mucha trayectoria\u201d, expres\u00f3. \u00c1vila viene de ganar el guante de oro, como el mejor tercera base defensivo de la Liga Arco Mexicana del Pac\u00edfico, en la temporada 2020-21. Sin embargo, tiene experiencia tambi\u00e9n como segunda base y shortstop. De hecho, este a\u00f1o con Diablos Rojos del M\u00e9xico, particip\u00f3 en catorce juegos como campocorto. ENTREVISTA EMMANUEL \u00c1VILA \ud83c\udf99 \u201cAnsioso que empiece la temporada para poder jugar y llevar estos colores que tienen mucha trayectoria, muy contento\u201d. Esto fue lo que nos dijo tras su llegada al equipo bicampe\u00f3n\ud83d\udc4c\ud83c\udffb. pic.twitter.com\/wvpaqM3kdW &mdash; Tomateros de Culiac\u00e1n (@clubtomateros) September 19, 2021 No obstante, su meta en la caja de bateo, se proyecta hacia las alturas: \u201csiempre he querido, buscado siempre, ganar un campeonato de bateo y qu\u00e9 m\u00e1s, ojal\u00e1 poder ganarlo con este equipo\u201d, confes\u00f3. El t\u00edtulo de bateo, no es algo que haya estado muy lejos de su alcance en el pasado. En la 2013-14 con Ca\u00f1eros, promedi\u00f3 .311 y finaliz\u00f3 cuarto de toda la Liga Arco. A sus 32 a\u00f1os, comenzar\u00e1 a escribir nuevo cap\u00edtulo en su carrera, con su quinto equipo en la antes llamada Liga Mexicana del Pac\u00edfico. Previamente, fue miembro de Ca\u00f1eros, \u00c1guilas, Yaquis y Algodoneros. EL IRON MAN YA EST\u00c1 AQU\u00cd\ud83e\udd29\ud83c\udf45\ud83d\udd25 Emmanuel \u00c1vila se incorpora a nuestro club y est\u00e1 listo para que llegue octubre\ud83d\udcaa\ud83c\udffb. pic.twitter.com\/0z6m3EutNA &mdash; Tomateros de Culiac\u00e1n (@clubtomateros) September 19, 2021 SE CANCELA JUEGO El encuentro de pretemporada que sostendr\u00edan este lunes Tomateros de Culiac\u00e1n y Algodoneros de Guasave, ha sido suspendido definitivamente, debido a las condiciones del terreno de juego del Kuroda Park, ante las constantes lluvias que han ca\u00eddo en la regi\u00f3n. Tomateros continuar\u00e1n sus trabajos de pretemporada en el estadio de los Tomateros este martes en punto de las 08.30 horas a puerta cerrada. &nbsp;<\/p>\n","protected":false},"author":1,"featured_media":9414,"comment_status":"closed","ping_status":"closed","sticky":false,"template":"","format":"standard","meta":{"footnotes":""},"categories":[3],"tags":[23,34,26,22,58,109],"class_list":["post-9413","post","type-post","status-publish","format-standard","has-post-thumbnail","hentry","category-noticias","tag-baseball","tag-culiacan","tag-lmp","tag-nacion-guinda","tag-tomateros-de-culiacan","tag-tomateros-de-culiacan-pretemporada"],"_links":{"self":[{"href":"https:\/\/web.tomateros.online\/index.php\/wp-json\/wp\/v2\/posts\/9413","targetHints":{"allow":["GET"]}}],"collection":[{"href":"https:\/\/web.tomateros.online\/index.php\/wp-json\/wp\/v2\/posts"}],"about":[{"href":"https:\/\/web.tomateros.online\/index.php\/wp-json\/wp\/v2\/types\/post"}],"author":[{"embeddable":true,"href":"https:\/\/web.tomateros.online\/index.php\/wp-json\/wp\/v2\/users\/1"}],"replies":[{"embeddable":true,"href":"https:\/\/web.tomateros.online\/index.php\/wp-json\/wp\/v2\/comments?post=9413"}],"version-history":[{"count":0,"href":"https:\/\/web.tomateros.online\/index.php\/wp-json\/wp\/v2\/posts\/9413\/revisions"}],"wp:featuredmedia":[{"embeddable":true,"href":"https:\/\/web.tomateros.online\/index.php\/wp-json\/wp\/v2\/media\/9414"}],"wp:attachment":[{"href":"https:\/\/web.tomateros.online\/index.php\/wp-json\/wp\/v2\/media?parent=9413"}],"wp:term":[{"taxonomy":"category","embeddable":true,"href":"https:\/\/web.tomateros.online\/index.php\/wp-json\/wp\/v2\/categories?post=9413"},{"taxonomy":"post_tag","embeddable":true,"href":"https:\/\/web.tomateros.online\/index.php\/wp-json\/wp\/v2\/tags?post=9413"}],"curies":[{"name":"wp","href":"https:\/\/api.w.org\/{rel}","templated":true}]}}