{"id":9511,"date":"2021-09-27T12:28:17","date_gmt":"2021-09-27T19:28:17","guid":{"rendered":"http:\/\/www.tomateros.com.mx\/?p=9511"},"modified":"2021-09-27T12:28:17","modified_gmt":"2021-09-27T19:28:17","slug":"temporada-2021-2022-sera-presentada-caliente-mx","status":"publish","type":"post","link":"https:\/\/web.tomateros.online\/index.php\/2021\/09\/27\/temporada-2021-2022-sera-presentada-caliente-mx\/","title":{"rendered":"TEMPORADA 2021-2022 SER\u00c1 PRESENTADA POR CALIENTE.MX"},"content":{"rendered":"<p style=\"text-align: right;\">27 de septiembre de 2021 | Medios Liga ARCO<\/p>\n<p>La Liga ARCO Mexicana del Pac\u00edfico anuncia su alianza y su fusi\u00f3n comercial con Grupo Caliente que por segunda ocasi\u00f3n dar\u00e1 nombre a la campa\u00f1a, a partir del 5 de octubre cuando se cante el play ball, ser\u00e1 la Temporada 2021-2022 presentada por Caliente.mx.<\/p>\n<p>En conferencia de prensa virtual el presidente del circuito Omar Canizales Soto expres\u00f3 lo que significa para la LaMP tener alianzas comerciales tan importantes; \u201cEstamos muy contentos por lo que estamos haciendo con nuestros aliados comerciales y creo sin duda, que la incorporaci\u00f3n de Caliente.mx para nosotros es muy significativo para poder llevar el espect\u00e1culo familiar que nuestra gran afici\u00f3n gusta\u201d.<\/p>\n<p>Por su parte Fernanda Sainz, directora comercial de Grupo Caliente, invit\u00f3 a los aficionados a estar pendientes de todas las sorpresas que se vienen; \u201cTodos los que se sumen a nuestra plataforma contar\u00e1n con momios mucho m\u00e1s atractivos para que a cada juego de la Liga ARCO Mexicana del Pac\u00edfico puedan meterle m\u00e1s pasi\u00f3n y m\u00e1s adrenalina, contaremos con apuestas en vivo de la liga y promociones\u201d.<\/p>\n<p>De esta manera invitamos a toda nuestra querida afici\u00f3n y medios de comunicaci\u00f3n a vivir de una manera diferente el espect\u00e1culo de la Liga ARCO Mexicana del Pac\u00edfico a partir del 5 de octubre, fecha de inicio de la Temporada 2021-2022 presentada por Caliente.mx.<\/p>\n<blockquote class=\"twitter-tweet\" data-width=\"550\" data-dnt=\"true\">\n<p lang=\"es\" dir=\"ltr\">Naci\u00f3n Guinda, a partir del 5 de octubre tenemos varias citas\ud83d\udc40\ud83d\ude0e.<\/p>\n<p>Para que vayan marcando su calendario\u2026\ud83d\uddd3 <a href=\"https:\/\/t.co\/tbzJeoS1Oz\">pic.twitter.com\/tbzJeoS1Oz<\/a><\/p>\n<p>&mdash; Tomateros de Culiac\u00e1n (@clubtomateros) <a href=\"https:\/\/twitter.com\/clubtomateros\/status\/1434708103732375559?ref_src=twsrc%5Etfw\">September 6, 2021<\/a><\/p><\/blockquote>\n<p><script async src=\"https:\/\/platform.twitter.com\/widgets.js\" charset=\"utf-8\"><\/script><\/p>\n","protected":false},"excerpt":{"rendered":"<p>27 de septiembre de 2021 | Medios Liga ARCO La Liga ARCO Mexicana del Pac\u00edfico anuncia su alianza y su fusi\u00f3n comercial con Grupo Caliente que por segunda ocasi\u00f3n dar\u00e1 nombre a la campa\u00f1a, a partir del 5 de octubre cuando se cante el play ball, ser\u00e1 la Temporada 2021-2022 presentada por Caliente.mx. En conferencia de prensa virtual el presidente del circuito Omar Canizales Soto expres\u00f3 lo que significa para la LaMP tener alianzas comerciales tan importantes; \u201cEstamos muy contentos por lo que estamos haciendo con nuestros aliados comerciales y creo sin duda, que la incorporaci\u00f3n de Caliente.mx para nosotros es muy significativo para poder llevar el espect\u00e1culo familiar que nuestra gran afici\u00f3n gusta\u201d. Por su parte Fernanda Sainz, directora comercial de Grupo Caliente, invit\u00f3 a los aficionados a estar pendientes de todas las sorpresas que se vienen; \u201cTodos los que se sumen a nuestra plataforma contar\u00e1n con momios mucho m\u00e1s atractivos para que a cada juego de la Liga ARCO Mexicana del Pac\u00edfico puedan meterle m\u00e1s pasi\u00f3n y m\u00e1s adrenalina, contaremos con apuestas en vivo de la liga y promociones\u201d. De esta manera invitamos a toda nuestra querida afici\u00f3n y medios de comunicaci\u00f3n a vivir de una manera diferente el espect\u00e1culo de la Liga ARCO Mexicana del Pac\u00edfico a partir del 5 de octubre, fecha de inicio de la Temporada 2021-2022 presentada por Caliente.mx. Naci\u00f3n Guinda, a partir del 5 de octubre tenemos varias citas\ud83d\udc40\ud83d\ude0e. Para que vayan marcando su calendario\u2026\ud83d\uddd3 pic.twitter.com\/tbzJeoS1Oz &mdash; Tomateros de Culiac\u00e1n (@clubtomateros) September 6, 2021<\/p>\n","protected":false},"author":1,"featured_media":9512,"comment_status":"closed","ping_status":"closed","sticky":false,"template":"","format":"standard","meta":{"footnotes":""},"categories":[3],"tags":[23,21,34,26,22,58],"class_list":["post-9511","post","type-post","status-publish","format-standard","has-post-thumbnail","hentry","category-noticias","tag-baseball","tag-beisbol","tag-culiacan","tag-lmp","tag-nacion-guinda","tag-tomateros-de-culiacan"],"_links":{"self":[{"href":"https:\/\/web.tomateros.online\/index.php\/wp-json\/wp\/v2\/posts\/9511","targetHints":{"allow":["GET"]}}],"collection":[{"href":"https:\/\/web.tomateros.online\/index.php\/wp-json\/wp\/v2\/posts"}],"about":[{"href":"https:\/\/web.tomateros.online\/index.php\/wp-json\/wp\/v2\/types\/post"}],"author":[{"embeddable":true,"href":"https:\/\/web.tomateros.online\/index.php\/wp-json\/wp\/v2\/users\/1"}],"replies":[{"embeddable":true,"href":"https:\/\/web.tomateros.online\/index.php\/wp-json\/wp\/v2\/comments?post=9511"}],"version-history":[{"count":0,"href":"https:\/\/web.tomateros.online\/index.php\/wp-json\/wp\/v2\/posts\/9511\/revisions"}],"wp:featuredmedia":[{"embeddable":true,"href":"https:\/\/web.tomateros.online\/index.php\/wp-json\/wp\/v2\/media\/9512"}],"wp:attachment":[{"href":"https:\/\/web.tomateros.online\/index.php\/wp-json\/wp\/v2\/media?parent=9511"}],"wp:term":[{"taxonomy":"category","embeddable":true,"href":"https:\/\/web.tomateros.online\/index.php\/wp-json\/wp\/v2\/categories?post=9511"},{"taxonomy":"post_tag","embeddable":true,"href":"https:\/\/web.tomateros.online\/index.php\/wp-json\/wp\/v2\/tags?post=9511"}],"curies":[{"name":"wp","href":"https:\/\/api.w.org\/{rel}","templated":true}]}}